{"id":167187,"date":"2020-05-02T13:44:45","date_gmt":"2020-05-02T16:44:45","guid":{"rendered":"https:\/\/www.caririemacao.com\/1\/?p=167187"},"modified":"2020-05-02T13:44:47","modified_gmt":"2020-05-02T16:44:47","slug":"quarentena-podera-aumentar-consumo-de-agua-e-energia-veja-dicas-de-economia","status":"publish","type":"post","link":"https:\/\/www.caririemacao.com\/1\/2020\/05\/02\/quarentena-podera-aumentar-consumo-de-agua-e-energia-veja-dicas-de-economia\/","title":{"rendered":"Quarentena poder\u00e1 aumentar consumo de \u00e1gua e energia; veja dicas de economia"},"content":{"rendered":"\n<p>O Isolamento social, adotado como medida para conter a dissemina\u00e7\u00e3o do novo coronav\u00edrus (covid-19), tende a aumentar o consumo residencial de \u00e1gua e de energia el\u00e9trica.<\/p>\n\n\n\n<p>Apesar de, at\u00e9 o momento, n\u00e3o haver n\u00fameros oficiais em \u00e2mbito nacional sobre o impacto da doen\u00e7a nas contas pagas por esses servi\u00e7os, especialistas consultados pela Ag\u00eancia Brasil estimam que, dependendo do comportamento dos consumidores, o valor a ser pago poder\u00e1 aumentar, em m\u00e9dia, entre 10% e 20%.<\/p>\n\n\n\n<p>A expectativa \u00e9 de que, diante da nova situa\u00e7\u00e3o, haja tamb\u00e9m uma mudan\u00e7a nos h\u00e1bitos dos consumidores residenciais, na dire\u00e7\u00e3o de um consumo mais racional, consciente e econ\u00f4mico dos recursos naturais, o que possibilita, inclusive, a redu\u00e7\u00e3o dos valores a serem pagos por esses servi\u00e7os.<\/p>\n\n\n\n<p>\u201cAcreditamos que esse momento ser\u00e1 de grande aprendizado para quando tudo passar e que uma nova consci\u00eancia de consumo e de comportamento permanecer\u00e1. Estaremos sempre muito mais atentos a novas possibilidades de h\u00e1bitos e mais conscientes quanto ao uso racional e econ\u00f4mico dos recursos naturais\u201d, disse Oct\u00e1vio Brasil, da CAS Tecnologia, empresa que atua no desenvolvimento de solu\u00e7\u00f5es para redes de \u00e1gua e energia.<img decoding=\"async\" data-src=\"https:\/\/paraibaonline.com.br\/wp-content\/uploads\/2020\/05\/agua_torneira-4216-567x339.jpg\" alt=\"Foto: Marcello Casal Jr.\/Ag\u00eancia Brasil\" data-srcset=\"https:\/\/paraibaonline.com.br\/wp-content\/uploads\/2020\/05\/agua_torneira-4216-567x339.jpg 567w, https:\/\/paraibaonline.com.br\/wp-content\/uploads\/2020\/05\/agua_torneira-4216-900x538.jpg 900w, https:\/\/paraibaonline.com.br\/wp-content\/uploads\/2020\/05\/agua_torneira-4216.jpg 1170w\" src=\"data:image\/svg+xml;base64,PHN2ZyB3aWR0aD0iMSIgaGVpZ2h0PSIxIiB4bWxucz0iaHR0cDovL3d3dy53My5vcmcvMjAwMC9zdmciPjwvc3ZnPg==\" class=\"lazyload\" style=\"--smush-placeholder-width: 567px; --smush-placeholder-aspect-ratio: 567\/339;\"><\/p>\n\n\n\n<p>Foto: Marcello Casal Jr.\/Ag\u00eancia Brasil<\/p>\n\n\n\n<p><strong>Mudan\u00e7a no padr\u00e3o de consumo<\/strong><\/p>\n\n\n\n<p>Segundo Oct\u00e1vio Brasil, diante das mudan\u00e7as de rotina causadas pela covid-19, houve uma mudan\u00e7a no padr\u00e3o de consumo, com forte redu\u00e7\u00e3o de demanda no com\u00e9rcio e na ind\u00fastria e crescimento do setor residencial.<\/p>\n\n\n\n<p>\u201cNormalmente nem todas as pessoas t\u00eam uma boa percep\u00e7\u00e3o de seu consumo de energia, \u00e1gua e g\u00e1s. Elas sabem quanto pagam, mas raramente conhecem o motivo e como fazer para economizar. Nesse momento, com muita gente trabalhando em casa, surpresas podem ocorrer, pois \u00e9 natural que o consumo seja alterado por causa do maior tempo de perman\u00eancia nas resid\u00eancias\u201d, disse.<\/p>\n\n\n\n<p>O especialista no entanto pondera que tudo depende do comportamento de cada consumidor.<\/p>\n\n\n\n<p>\u201cAlguns, com preocupa\u00e7\u00f5es financeiras devido a uma poss\u00edvel redu\u00e7\u00e3o de renda, podem estar mais atentos a todos os tipos de gastos. Outros, trabalhando em regime de home office, al\u00e9m da perman\u00eancia de toda a fam\u00edlia em casa, podem ter altera\u00e7\u00f5es entre 10% e 20% nessas contas. Mas, isso tamb\u00e9m depende do tamanho da fam\u00edlia e da quantidade de pessoas que residem no mesmo local\u201d.<\/p>\n\n\n\n<p><strong>Tarifa Branca<\/strong><\/p>\n\n\n\n<p>Oct\u00e1vio Brasil sugere, no caso da conta de energia, medidas que v\u00e3o al\u00e9m do uso consciente, para evitar o desperd\u00edcio. \u201c\u00c9 poss\u00edvel, ao consumidor, avaliar se \u00e9 vantagem aderir \u00e0 Tarifa Branca, pois o custo da energia \u00e9 mais barato nos hor\u00e1rios fora de ponta\u201d, referindo-se a essa modalidade vantajosa para aqueles que possam deslocar parte consider\u00e1vel do seu consumo de energia nesses per\u00edodos.<\/p>\n\n\n\n<p>\u201cCom a ado\u00e7\u00e3o [da Tarifa Branca], \u00e9 poss\u00edvel ter uma economia na conta de energia de at\u00e9 17%\u201d, acrescenta.<\/p>\n\n\n\n<p>Criada pela Ag\u00eancia Nacional de Energia El\u00e9trica (Aneel), a Tarifa Branca come\u00e7ou a vigorar em janeiro de 2020 para todos consumidores de baixa tens\u00e3o (em geral, resid\u00eancias e pequenos com\u00e9rcios).<\/p>\n\n\n\n<p>Nela, o valor da tarifa de energia varia de acordo com o hor\u00e1rio do seu consumo. Nos dias \u00fateis, o pre\u00e7o pago pela energia \u00e9 dividido em tr\u00eas faixas hor\u00e1rias de consumo. No hor\u00e1rio de ponta (17h30 \u00e0s 20h30), a tarifa fica mais cara que a tarifa convencional. Na faixa intermedi\u00e1ria (16h30 \u00e0s 17h30, retornando das 20h30 \u00e0s 21h30), o custo tamb\u00e9m \u00e9 maior.<\/p>\n\n\n\n<p>J\u00e1 no hor\u00e1rio fora de ponta (das 21h30 \u00e0s 16h30 do dia seguinte), a tarifa para o consumidor \u00e9 mais barata se comparada \u00e0 cobrada no modelo tradicional. S\u00e1bados, domingos e feriados contam como tarifa fora de ponta nas 24 horas do dia.<\/p>\n\n\n\n<p>Consumidores interessados em aderir a essa modalidade de tarifa precisam entrar em contato com a concession\u00e1ria de energia de sua regi\u00e3o. De acordo com a CAS Tecnologia, em um prazo de 30 dias ser\u00e1 instalado um novo medidor na unidade consumidora. A empresa, no entanto alerta que \u00e9 preciso aten\u00e7\u00e3o. \u201cSe a energia for utilizada durante o hor\u00e1rio de ponta, a tarifa pode ficar at\u00e9 83% mais cara\u201d.<\/p>\n\n\n\n<p><strong>Conta de \u00e1gua<\/strong><\/p>\n\n\n\n<p>No caso da conta de \u00e1gua, especialmente nos condom\u00ednios, Oct\u00e1vio Brasil sugere a ado\u00e7\u00e3o de um sistema de medi\u00e7\u00e3o individualizada, por ser mais justo porque o valor pago \u00e9 correspondente ao consumo de cada resid\u00eancia, de forma a evitar que o custo do consumo excessivo de uma unidade acabe sendo arcado pelos demais cond\u00f4minos.<\/p>\n\n\n\n<p>Um levantamento apresentado pela CAS, feito pelo Grupo Hupert, que administra condom\u00ednios, aponta que o gasto com \u00e1gua \u00e9 a segunda maior despesa dos condom\u00ednios, abaixo apenas de m\u00e3o-de-obra e encargos.<\/p>\n\n\n\n<p>Ele responde por cerca de 15% do total dos gastos do condom\u00ednio. Tendo por base esse estudo, a CAS estima que, com a individualiza\u00e7\u00e3o do consumo de \u00e1gua, a economia gerada na conta do condom\u00ednio pode chegar a 35%.<\/p>\n\n\n\n<p>\u201cComo a conta de \u00e1gua \u00e9 dividida entre todos os apartamentos, \u00e9 muito mais dif\u00edcil combater o desperd\u00edcio, j\u00e1 que o morador n\u00e3o sente no bolso a diferen\u00e7a entre gastar e poupar\u201d, acrescenta o especialista em medi\u00e7\u00e3o individualizada da CAS, Marco Aur\u00e9lio Teixeira.<\/p>\n","protected":false},"excerpt":{"rendered":"<p>O Isolamento social, adotado como medida para conter a dissemina\u00e7\u00e3o do novo coronav\u00edrus (covid-19), tende a aumentar o consumo residencial de \u00e1gua e de energia&hellip; <\/p>\n","protected":false},"author":2,"featured_media":69045,"comment_status":"closed","ping_status":"closed","sticky":false,"template":"","format":"standard","meta":{"sfsi_plus_gutenberg_text_before_share":"","sfsi_plus_gutenberg_show_text_before_share":"","sfsi_plus_gutenberg_icon_type":"","sfsi_plus_gutenberg_icon_alignemt":"","sfsi_plus_gutenburg_max_per_row":"","footnotes":""},"categories":[2],"tags":[],"class_list":["post-167187","post","type-post","status-publish","format-standard","has-post-thumbnail","hentry","category-geral"],"_links":{"self":[{"href":"https:\/\/www.caririemacao.com\/1\/wp-json\/wp\/v2\/posts\/167187","targetHints":{"allow":["GET"]}}],"collection":[{"href":"https:\/\/www.caririemacao.com\/1\/wp-json\/wp\/v2\/posts"}],"about":[{"href":"https:\/\/www.caririemacao.com\/1\/wp-json\/wp\/v2\/types\/post"}],"author":[{"embeddable":true,"href":"https:\/\/www.caririemacao.com\/1\/wp-json\/wp\/v2\/users\/2"}],"replies":[{"embeddable":true,"href":"https:\/\/www.caririemacao.com\/1\/wp-json\/wp\/v2\/comments?post=167187"}],"version-history":[{"count":1,"href":"https:\/\/www.caririemacao.com\/1\/wp-json\/wp\/v2\/posts\/167187\/revisions"}],"predecessor-version":[{"id":167190,"href":"https:\/\/www.caririemacao.com\/1\/wp-json\/wp\/v2\/posts\/167187\/revisions\/167190"}],"wp:featuredmedia":[{"embeddable":true,"href":"https:\/\/www.caririemacao.com\/1\/wp-json\/wp\/v2\/media\/69045"}],"wp:attachment":[{"href":"https:\/\/www.caririemacao.com\/1\/wp-json\/wp\/v2\/media?parent=167187"}],"wp:term":[{"taxonomy":"category","embeddable":true,"href":"https:\/\/www.caririemacao.com\/1\/wp-json\/wp\/v2\/categories?post=167187"},{"taxonomy":"post_tag","embeddable":true,"href":"https:\/\/www.caririemacao.com\/1\/wp-json\/wp\/v2\/tags?post=167187"}],"curies":[{"name":"wp","href":"https:\/\/api.w.org\/{rel}","templated":true}]}}