{"id":167193,"date":"2020-05-02T13:47:36","date_gmt":"2020-05-02T16:47:36","guid":{"rendered":"https:\/\/www.caririemacao.com\/1\/?p=167193"},"modified":"2020-05-02T13:47:38","modified_gmt":"2020-05-02T16:47:38","slug":"estresse-e-ansiedade-podem-ser-gatilhos-para-maior-consumo-de-bebida-alcoolica","status":"publish","type":"post","link":"https:\/\/www.caririemacao.com\/1\/2020\/05\/02\/estresse-e-ansiedade-podem-ser-gatilhos-para-maior-consumo-de-bebida-alcoolica\/","title":{"rendered":"Estresse e ansiedade podem ser gatilhos para maior consumo de bebida alco\u00f3lica"},"content":{"rendered":"\n<h1 class=\"wp-block-heading\"><\/h1>\n\n\n\n<p>O distanciamento social provocado pelo combate \u00e0 prolifera\u00e7\u00e3o do novo coronav\u00edrus (SARS-Cov2) tem gerado uma s\u00e9rie de mudan\u00e7as na rotina dos brasileiros.<\/p>\n\n\n\n<p>Trabalho passou a ser em Home Office, as compras de mercado e feira para alguns pessoas passaram a ser realizadas por delivery e o entretenimento passou a ser por meio das telas com as in\u00fameras op\u00e7\u00f5es quase que di\u00e1rias de lives promovidas por artistas do ramo musical.<\/p>\n\n\n\n<p>Nessa mudan\u00e7a, quem tinha o costume de tomar aquela cervejinha gelada, um bom vinho e at\u00e9 aquele drink com um mix de frutas no fim de semana, passou a aumentar esse consumo.<\/p>\n\n\n\n<p>O assunto j\u00e1 foi alvo de alerta da Organiza\u00e7\u00e3o Mundial da Sa\u00fade (OMS), que publicou o artigo \u201cO \u00e1lcool n\u00e3o protege contra a covid-19, o acesso deve ser restrito durante o confinamento\u201d.<\/p>\n\n\n\n<p>A Associa\u00e7\u00e3o Brasileira de Estudos do \u00c1lcool e Outras Drogas (Abead) tamb\u00e9m j\u00e1 manifestou preocupa\u00e7\u00e3o com o assunto que, segundo Associa\u00e7\u00e3o de Varejo, teve um aumento na compra de bebidas alco\u00f3licas de 20 a 27% em supermercados do Sul e Sudeste neste per\u00edodo.<\/p>\n\n\n\n<p>O m\u00e9dico cl\u00ednico do Hapvida em Jo\u00e3o Pessoa, Carlay Antunes, afirma que alguns fatores contribuem para elevar a busca pelo consumo de \u00e1lcool nesse per\u00edodo de confinamento.<\/p>\n\n\n\n<p>\u201cCom o estresse e a ansiedade causados pela pandemia atual, beber ajuda a bloquear esses sentimentos, tanto cognitiva quanto quimicamente, mascarando as emo\u00e7\u00f5es. Obviamente que a bebida alivia em curto prazo, mas trazem malef\u00edcios a m\u00e9dio e longo prazo\u201d, pondera.<img decoding=\"async\" data-src=\"https:\/\/paraibaonline.com.br\/wp-content\/uploads\/2020\/05\/bebida-alcoolica-313x417.jpeg\" alt=\"Foto: Ascom\" data-srcset=\"https:\/\/paraibaonline.com.br\/wp-content\/uploads\/2020\/05\/bebida-alcoolica-313x417.jpeg 313w, https:\/\/paraibaonline.com.br\/wp-content\/uploads\/2020\/05\/bebida-alcoolica-497x662.jpeg 497w, https:\/\/paraibaonline.com.br\/wp-content\/uploads\/2020\/05\/bebida-alcoolica.jpeg 960w\" src=\"data:image\/svg+xml;base64,PHN2ZyB3aWR0aD0iMSIgaGVpZ2h0PSIxIiB4bWxucz0iaHR0cDovL3d3dy53My5vcmcvMjAwMC9zdmciPjwvc3ZnPg==\" class=\"lazyload\" style=\"--smush-placeholder-width: 313px; --smush-placeholder-aspect-ratio: 313\/417;\"><\/p>\n\n\n\n<p>Foto: Ascom<\/p>\n\n\n\n<p>Carlay Antunes explica que essa adapta\u00e7\u00e3o repentina, a qual a sociedade foi imposta devido \u00e0 propaga\u00e7\u00e3o do v\u00edrus, gera rea\u00e7\u00f5es humanas normais mais intensas, como o receio e a d\u00favida pelo futuro.<\/p>\n\n\n\n<p>\u201cEssa incerteza faz com que as pessoas se sintam mais angustiadas e o \u00e1lcool surge como uma ferramenta, gerando uma falsa sensa\u00e7\u00e3o de bem-estar\u201d, esclarece e complementa: \u201cEstar isolado dentro de um ambiente limitado, como um apartamento, n\u00e3o \u00e9 tarefa f\u00e1cil. Devido a isso, o interesse por algo que nos tire da realidade e do bombardeamento de not\u00edcias, quase sempre negativas sobre a Covid-19\u201d, pontua.<\/p>\n\n\n\n<p>De acordo o medido do Hapvida, assim como o \u00e1lcool \u00e9 reconhecido como causa de diversas complica\u00e7\u00f5es sociais ao longo de s\u00e9culos, o mesmo tamb\u00e9m \u00e9 respons\u00e1vel por causas de complica\u00e7\u00f5es cl\u00ednicas.<\/p>\n\n\n\n<p>\u201cPor exemplo, a mortalidade por cirrose hep\u00e1tica apresenta correla\u00e7\u00e3o direta com o uso de \u00e1lcool, diminuindo ou aumentando conforme o uso de \u00e1lcool em v\u00e1rios pa\u00edses, independente do tipo de bebida utilizada\u201d, aponta.<\/p>\n\n\n\n<p>Para al\u00e9m da cirrose hep\u00e1tica, Carlay elenca uma s\u00e9rie de complica\u00e7\u00f5es cl\u00ednicas ocasionadas pelo uso abusivo do \u00e1lcool e que podem atingir diversos \u00f3rg\u00e3os como, por exemplo, f\u00edgado, p\u00e2ncreas, vias a\u00e9reas superiores, es\u00f4fago, estomago, intestino e cora\u00e7\u00e3o.<\/p>\n\n\n\n<p>\u201cMiocardiopatia dilatada alco\u00f3lica, arritmias card\u00edacas, hipertens\u00e3o arterial, risco para insufici\u00eancia coronariana s\u00e3o algumas doen\u00e7as que se desenvolvem pelo consumo em excesso de bebidas alco\u00f3licas; pelagra, risco para infec\u00e7\u00f5es f\u00fangicas podem atingir a pele; infertilidade masculina e feminina, diminui\u00e7\u00e3o de horm\u00f4nios acarretando impot\u00eancia sexual e altera\u00e7\u00f5es no ciclo menstrual, s\u00edndrome alco\u00f3lica fetal s\u00e3o patologias que se desenvolvem quando o sistema end\u00f3crino \u00e9 atingido. Podem ser muitos os preju\u00edzos\u201d, afirma o m\u00e9dico.<\/p>\n\n\n\n<p>No que diz respeito \u00e0 sa\u00fade mental, depress\u00e3o, ansiedade, sintomas psic\u00f3ticos (como complica\u00e7\u00f5es do alcoolismo) s\u00e3o algumas doen\u00e7as que o m\u00e9dico elenca e lembra: \u201cAs doen\u00e7as psiqui\u00e1tricas tamb\u00e9m podem estar correlacionadas com o alcoolismo e serem causa de uso abusivo de \u00e1lcool\u201d.<\/p>\n\n\n\n<p>Carlay ainda acrescenta que n\u00e3o existe uma quantidade considerada segura para o consumo de bebidas alco\u00f3licas, de acordo com a Organiza\u00e7\u00e3o Mundial da Sa\u00fade (OMS).<\/p>\n\n\n\n<p>\u201cOs efeitos do \u00e1lcool s\u00e3o influenciados por fatores muito espec\u00edficos e individuais, como uma vulnerabilidade gen\u00e9tica a problemas no f\u00edgado ou a depend\u00eancia, por exemplo\u201d, assegura.<\/p>\n\n\n\n<p>Nesse universo da bebida alco\u00f3lica, h\u00e1 ainda quem substitua refei\u00e7\u00f5es pelo \u00e1lcool e nesse sentido o m\u00e9dico explica que \u201ca inj\u00faria org\u00e2nica pelo uso cr\u00f4nico do \u00e1lcool tamb\u00e9m pode ser relacionada \u00e0 defici\u00eancia nutricional, como a defici\u00eancia de metionina-colina, importantes na s\u00edntese de prote\u00ednas, e o d\u00e9ficit de vitaminas, em especial a defici\u00eancia das vitaminas do complexo B, importantes na homeostase do organismo humano\u201d, pondera.<\/p>\n","protected":false},"excerpt":{"rendered":"<p>O distanciamento social provocado pelo combate \u00e0 prolifera\u00e7\u00e3o do novo coronav\u00edrus (SARS-Cov2) tem gerado uma s\u00e9rie de mudan\u00e7as na rotina dos brasileiros. Trabalho passou a&hellip; <\/p>\n","protected":false},"author":2,"featured_media":51434,"comment_status":"closed","ping_status":"closed","sticky":false,"template":"","format":"standard","meta":{"sfsi_plus_gutenberg_text_before_share":"","sfsi_plus_gutenberg_show_text_before_share":"","sfsi_plus_gutenberg_icon_type":"","sfsi_plus_gutenberg_icon_alignemt":"","sfsi_plus_gutenburg_max_per_row":"","footnotes":""},"categories":[2],"tags":[],"class_list":["post-167193","post","type-post","status-publish","format-standard","has-post-thumbnail","hentry","category-geral"],"_links":{"self":[{"href":"https:\/\/www.caririemacao.com\/1\/wp-json\/wp\/v2\/posts\/167193","targetHints":{"allow":["GET"]}}],"collection":[{"href":"https:\/\/www.caririemacao.com\/1\/wp-json\/wp\/v2\/posts"}],"about":[{"href":"https:\/\/www.caririemacao.com\/1\/wp-json\/wp\/v2\/types\/post"}],"author":[{"embeddable":true,"href":"https:\/\/www.caririemacao.com\/1\/wp-json\/wp\/v2\/users\/2"}],"replies":[{"embeddable":true,"href":"https:\/\/www.caririemacao.com\/1\/wp-json\/wp\/v2\/comments?post=167193"}],"version-history":[{"count":1,"href":"https:\/\/www.caririemacao.com\/1\/wp-json\/wp\/v2\/posts\/167193\/revisions"}],"predecessor-version":[{"id":167194,"href":"https:\/\/www.caririemacao.com\/1\/wp-json\/wp\/v2\/posts\/167193\/revisions\/167194"}],"wp:featuredmedia":[{"embeddable":true,"href":"https:\/\/www.caririemacao.com\/1\/wp-json\/wp\/v2\/media\/51434"}],"wp:attachment":[{"href":"https:\/\/www.caririemacao.com\/1\/wp-json\/wp\/v2\/media?parent=167193"}],"wp:term":[{"taxonomy":"category","embeddable":true,"href":"https:\/\/www.caririemacao.com\/1\/wp-json\/wp\/v2\/categories?post=167193"},{"taxonomy":"post_tag","embeddable":true,"href":"https:\/\/www.caririemacao.com\/1\/wp-json\/wp\/v2\/tags?post=167193"}],"curies":[{"name":"wp","href":"https:\/\/api.w.org\/{rel}","templated":true}]}}