{"id":167200,"date":"2020-05-02T13:55:48","date_gmt":"2020-05-02T16:55:48","guid":{"rendered":"https:\/\/www.caririemacao.com\/1\/?p=167200"},"modified":"2020-05-02T13:55:50","modified_gmt":"2020-05-02T16:55:50","slug":"prefeitura-de-sao-sebastiao-do-umbuzeiro-intensifica-fiscalizacao-das-medidas-restritivas-no-comercio-adotadas-no-combate-ao-coronavirus","status":"publish","type":"post","link":"https:\/\/www.caririemacao.com\/1\/2020\/05\/02\/prefeitura-de-sao-sebastiao-do-umbuzeiro-intensifica-fiscalizacao-das-medidas-restritivas-no-comercio-adotadas-no-combate-ao-coronavirus\/","title":{"rendered":"Prefeitura de S\u00e3o Sebasti\u00e3o do Umbuzeiro intensifica fiscaliza\u00e7\u00e3o das medidas restritivas no com\u00e9rcio adotadas no combate ao coronav\u00edrus"},"content":{"rendered":"\n<p>A prefeitura de S\u00e3o Sebasti\u00e3o do Umbuzeiro, atrav\u00e9s da equipe de Municipal de Sa\u00fade est\u00e3o percorrendo os estabelecimentos comerciais e servi\u00e7os de sa\u00fade, oficialmente liberados para funcionar (de acordo com o Decreto 40.193, de 20 de Abril de 2020), para orientar sobre medidas preventivas que devem ser adotadas para evitar infec\u00e7\u00e3o pelo Coronav\u00edrus, segundo o Minist\u00e9rio da Sa\u00fade.<\/p>\n\n\n\n<p>Dentre os locais visitados pelos fiscais, destaque para supermercados, padarias, farm\u00e1cias, comercio em geral. Para a realiza\u00e7\u00e3o do trabalho, foi desenvolvido um roteiro espec\u00edfico, de acordo com a natureza de cada estabelecimento, que \u00e9 seguido pelos fiscais. S\u00e3o orienta\u00e7\u00f5es como a correta limpeza das superf\u00edcies, utiliza\u00e7\u00e3o de produtos de limpeza autorizados pela Anvisa, disponibiliza\u00e7\u00e3o de lixeiras, sab\u00e3o l\u00edquido e \u00e1lcool em gel, de acordo com as especifica\u00e7\u00f5es de cada local.<\/p>\n\n\n\n<p>O objetivo \u00e9 reduzir os riscos tanto para os trabalhadores, quanto para o p\u00fablico em geral.<br>Iniciamos as barreiras sanit\u00e1rias que est\u00e3o localizadas na PB 264 na entrada de S\u00e3o Sebasti\u00e3o do Umbuzeiro e na Estrada que liga ao Pernambuco. Os condutores de ve\u00edculos e motocicletas que trafegam nessas vias est\u00e3o sendo abordados pelas equipes formadas por profissionais de sa\u00fade que realizam a medi\u00e7\u00e3o de temperatura com term\u00f4metros digitais, entregam folder educativo, orienta\u00e7\u00e3o do uso de m\u00e1scaras e conversam com motoristas e passageiros.<\/p>\n\n\n\n<p>A Secretaria Municipal de Sa\u00fade acompanha sistematicamente a situa\u00e7\u00e3o epidemiol\u00f3gica da cidade e, caso seja necess\u00e1rio, as a\u00e7\u00f5es da Vigil\u00e2ncia em Sa\u00fade ser\u00e3o ajustadas de modo a contribuir da melhor forma poss\u00edvel para a redu\u00e7\u00e3o de riscos de transmiss\u00e3o da Covid-19.<\/p>\n\n\n\n<figure class=\"wp-block-image\"><img decoding=\"async\" data-src=\"https:\/\/cdn.shortpixel.ai\/client\/to_webp,q_glossy,ret_img,w_1024\/http:\/\/www.blogdodidi.com.br\/wp-content\/uploads\/2020\/04\/padaria2-1024x498.jpeg\" alt=\"\" class=\"wp-image-102406 lazyload\" src=\"data:image\/svg+xml;base64,PHN2ZyB3aWR0aD0iMSIgaGVpZ2h0PSIxIiB4bWxucz0iaHR0cDovL3d3dy53My5vcmcvMjAwMC9zdmciPjwvc3ZnPg==\" style=\"--smush-placeholder-width: 1024px; --smush-placeholder-aspect-ratio: 1024\/498;\" \/><\/figure>\n","protected":false},"excerpt":{"rendered":"<p>A prefeitura de S\u00e3o Sebasti\u00e3o do Umbuzeiro, atrav\u00e9s da equipe de Municipal de Sa\u00fade est\u00e3o percorrendo os estabelecimentos comerciais e servi\u00e7os de sa\u00fade, oficialmente liberados&hellip; <\/p>\n","protected":false},"author":2,"featured_media":167201,"comment_status":"closed","ping_status":"closed","sticky":false,"template":"","format":"standard","meta":{"sfsi_plus_gutenberg_text_before_share":"","sfsi_plus_gutenberg_show_text_before_share":"","sfsi_plus_gutenberg_icon_type":"","sfsi_plus_gutenberg_icon_alignemt":"","sfsi_plus_gutenburg_max_per_row":"","footnotes":""},"categories":[6],"tags":[],"class_list":["post-167200","post","type-post","status-publish","format-standard","has-post-thumbnail","hentry","category-cidades"],"_links":{"self":[{"href":"https:\/\/www.caririemacao.com\/1\/wp-json\/wp\/v2\/posts\/167200","targetHints":{"allow":["GET"]}}],"collection":[{"href":"https:\/\/www.caririemacao.com\/1\/wp-json\/wp\/v2\/posts"}],"about":[{"href":"https:\/\/www.caririemacao.com\/1\/wp-json\/wp\/v2\/types\/post"}],"author":[{"embeddable":true,"href":"https:\/\/www.caririemacao.com\/1\/wp-json\/wp\/v2\/users\/2"}],"replies":[{"embeddable":true,"href":"https:\/\/www.caririemacao.com\/1\/wp-json\/wp\/v2\/comments?post=167200"}],"version-history":[{"count":1,"href":"https:\/\/www.caririemacao.com\/1\/wp-json\/wp\/v2\/posts\/167200\/revisions"}],"predecessor-version":[{"id":167202,"href":"https:\/\/www.caririemacao.com\/1\/wp-json\/wp\/v2\/posts\/167200\/revisions\/167202"}],"wp:featuredmedia":[{"embeddable":true,"href":"https:\/\/www.caririemacao.com\/1\/wp-json\/wp\/v2\/media\/167201"}],"wp:attachment":[{"href":"https:\/\/www.caririemacao.com\/1\/wp-json\/wp\/v2\/media?parent=167200"}],"wp:term":[{"taxonomy":"category","embeddable":true,"href":"https:\/\/www.caririemacao.com\/1\/wp-json\/wp\/v2\/categories?post=167200"},{"taxonomy":"post_tag","embeddable":true,"href":"https:\/\/www.caririemacao.com\/1\/wp-json\/wp\/v2\/tags?post=167200"}],"curies":[{"name":"wp","href":"https:\/\/api.w.org\/{rel}","templated":true}]}}