{"id":167205,"date":"2020-05-02T15:38:14","date_gmt":"2020-05-02T18:38:14","guid":{"rendered":"https:\/\/www.caririemacao.com\/1\/?p=167205"},"modified":"2020-05-04T08:05:02","modified_gmt":"2020-05-04T11:05:02","slug":"prefeitura-de-camalau-continua-com-varias-acoes-em-combate-a-covid-19","status":"publish","type":"post","link":"https:\/\/www.caririemacao.com\/1\/2020\/05\/02\/prefeitura-de-camalau-continua-com-varias-acoes-em-combate-a-covid-19\/","title":{"rendered":"Prefeitura de Camala\u00fa continua com v\u00e1rias a\u00e7\u00f5es em combate a Covid-19"},"content":{"rendered":"\n<p>O Munic\u00edpio de Camala\u00fa continua com v\u00e1rias a\u00e7\u00f5es em combate ao novo coronav\u00edrus. <\/p>\n\n\n\n<p>A atual gest\u00e3o municipal, n\u00e3o parou desde que foram iniciadas h\u00e1 algumas semanas; as barreiras; desinfec\u00e7\u00e3o em pr\u00e9dios p\u00fablicos, em algumas ruas da cidade; entrega de m\u00e1scaras; orienta\u00e7\u00f5es a popula\u00e7\u00e3o pela equipe da Vigil\u00e2ncia Sanit\u00e1ria; equipe da Secretaria de A\u00e7\u00e3o Social e a equipe da Secretaria de Sa\u00fade. <\/p>\n\n\n\n<p>As a\u00e7\u00f5es est\u00e3o ocorrendo com entrega de cestas b\u00e1sicas, distribui\u00e7\u00f5es de panfletos, uso da pistola a infravermelho para verifica\u00e7\u00e3o de temperatura e distruibui\u00e7\u00e3o de m\u00e1scaras para combater e prevenir o (COVID-19), Coronavirus. <\/p>\n","protected":false},"excerpt":{"rendered":"<p>O Munic\u00edpio de Camala\u00fa continua com v\u00e1rias a\u00e7\u00f5es em combate ao novo coronav\u00edrus. A atual gest\u00e3o municipal, n\u00e3o parou desde que foram iniciadas h\u00e1 algumas&hellip; <\/p>\n","protected":false},"author":1,"featured_media":167207,"comment_status":"closed","ping_status":"closed","sticky":false,"template":"","format":"standard","meta":{"sfsi_plus_gutenberg_text_before_share":"","sfsi_plus_gutenberg_show_text_before_share":"","sfsi_plus_gutenberg_icon_type":"","sfsi_plus_gutenberg_icon_alignemt":"","sfsi_plus_gutenburg_max_per_row":"","footnotes":""},"categories":[6,50],"tags":[],"class_list":["post-167205","post","type-post","status-publish","format-standard","has-post-thumbnail","hentry","category-cidades","category-destaque"],"_links":{"self":[{"href":"https:\/\/www.caririemacao.com\/1\/wp-json\/wp\/v2\/posts\/167205","targetHints":{"allow":["GET"]}}],"collection":[{"href":"https:\/\/www.caririemacao.com\/1\/wp-json\/wp\/v2\/posts"}],"about":[{"href":"https:\/\/www.caririemacao.com\/1\/wp-json\/wp\/v2\/types\/post"}],"author":[{"embeddable":true,"href":"https:\/\/www.caririemacao.com\/1\/wp-json\/wp\/v2\/users\/1"}],"replies":[{"embeddable":true,"href":"https:\/\/www.caririemacao.com\/1\/wp-json\/wp\/v2\/comments?post=167205"}],"version-history":[{"count":4,"href":"https:\/\/www.caririemacao.com\/1\/wp-json\/wp\/v2\/posts\/167205\/revisions"}],"predecessor-version":[{"id":167326,"href":"https:\/\/www.caririemacao.com\/1\/wp-json\/wp\/v2\/posts\/167205\/revisions\/167326"}],"wp:featuredmedia":[{"embeddable":true,"href":"https:\/\/www.caririemacao.com\/1\/wp-json\/wp\/v2\/media\/167207"}],"wp:attachment":[{"href":"https:\/\/www.caririemacao.com\/1\/wp-json\/wp\/v2\/media?parent=167205"}],"wp:term":[{"taxonomy":"category","embeddable":true,"href":"https:\/\/www.caririemacao.com\/1\/wp-json\/wp\/v2\/categories?post=167205"},{"taxonomy":"post_tag","embeddable":true,"href":"https:\/\/www.caririemacao.com\/1\/wp-json\/wp\/v2\/tags?post=167205"}],"curies":[{"name":"wp","href":"https:\/\/api.w.org\/{rel}","templated":true}]}}