{"id":167211,"date":"2020-05-02T18:47:07","date_gmt":"2020-05-02T21:47:07","guid":{"rendered":"https:\/\/www.caririemacao.com\/1\/?p=167211"},"modified":"2020-05-02T18:47:09","modified_gmt":"2020-05-02T21:47:09","slug":"secretaria-de-saude-de-coxixola-confirma-terceiro-caso-de-covid-19-no-municipio","status":"publish","type":"post","link":"https:\/\/www.caririemacao.com\/1\/2020\/05\/02\/secretaria-de-saude-de-coxixola-confirma-terceiro-caso-de-covid-19-no-municipio\/","title":{"rendered":"Secretaria de Sa\u00fade de Coxixola confirma terceiro caso de Covid-19 no munic\u00edpio"},"content":{"rendered":"\n<p>A prefeitura de Coxixola atrav\u00e9s da Secretaria Municipal de Sa\u00fade divulgou na tarde deste s\u00e1bado, 02 de maio, o mais novo boletim epidemiol\u00f3gico com dados atualizados da Covid-19 no munic\u00edpio.<\/p>\n\n\n\n<p>O mais novo caso, trata-se do genro do idoso de 90 anos, natural da zona rural de Coxixola, que recentemente testou positivo para a doen\u00e7a e segue em isolamento, agora no Hospital Pedro I em Campina Grande.<\/p>\n\n\n\n<p>A Secretaria de Sa\u00fade de Coxixola realizou testes r\u00e1pidos na filha que testou negativo para o v\u00edrus, mas j\u00e1 o genro acabou testando positivo para o covid-19. Agora o munic\u00edpio de Coxixola soma tr\u00eas casos confirmados do novo v\u00edrus, sendo todos de uma mesma fam\u00edlia.<\/p>\n\n\n\n<p>O filho que dias atr\u00e1s testou positivo para o coronav\u00edrus, encontra-se em isolamento domiciliar at\u00e9 que esteja completamente livre do v\u00edrus.<\/p>\n\n\n\n<p>A Secretaria Municipal de Sa\u00fade de Coxixola vem tomando todas as medidas preventivas para uma transmiss\u00e3o comunit\u00e1ria n\u00e3o resulte na contamina\u00e7\u00e3o de mais pessoas no munic\u00edpio de Coxixola.<\/p>\n\n\n\n<p>A prefeitura de Coxixola vem realizando v\u00e1rias a\u00e7\u00f5es de combate e preven\u00e7\u00e3o ao Covid-19, realizando a\u00e7\u00f5es de desinfec\u00e7\u00e3o nas ruas da cidade, distribui\u00e7\u00e3o de m\u00e1scaras, instala\u00e7\u00e3o de lavat\u00f3rios em pontos estrat\u00e9gicos da cidade, al\u00e9m de campanhas de conscientiza\u00e7\u00e3o sobre a doen\u00e7a.<\/p>\n\n\n\n<p><strong>De Olho no Cariri<\/strong><\/p>\n","protected":false},"excerpt":{"rendered":"<p>A prefeitura de Coxixola atrav\u00e9s da Secretaria Municipal de Sa\u00fade divulgou na tarde deste s\u00e1bado, 02 de maio, o mais novo boletim epidemiol\u00f3gico com dados&hellip; <\/p>\n","protected":false},"author":2,"featured_media":167212,"comment_status":"closed","ping_status":"closed","sticky":false,"template":"","format":"standard","meta":{"sfsi_plus_gutenberg_text_before_share":"","sfsi_plus_gutenberg_show_text_before_share":"","sfsi_plus_gutenberg_icon_type":"","sfsi_plus_gutenberg_icon_alignemt":"","sfsi_plus_gutenburg_max_per_row":"","footnotes":""},"categories":[16],"tags":[],"class_list":["post-167211","post","type-post","status-publish","format-standard","has-post-thumbnail","hentry","category-saude"],"_links":{"self":[{"href":"https:\/\/www.caririemacao.com\/1\/wp-json\/wp\/v2\/posts\/167211","targetHints":{"allow":["GET"]}}],"collection":[{"href":"https:\/\/www.caririemacao.com\/1\/wp-json\/wp\/v2\/posts"}],"about":[{"href":"https:\/\/www.caririemacao.com\/1\/wp-json\/wp\/v2\/types\/post"}],"author":[{"embeddable":true,"href":"https:\/\/www.caririemacao.com\/1\/wp-json\/wp\/v2\/users\/2"}],"replies":[{"embeddable":true,"href":"https:\/\/www.caririemacao.com\/1\/wp-json\/wp\/v2\/comments?post=167211"}],"version-history":[{"count":1,"href":"https:\/\/www.caririemacao.com\/1\/wp-json\/wp\/v2\/posts\/167211\/revisions"}],"predecessor-version":[{"id":167213,"href":"https:\/\/www.caririemacao.com\/1\/wp-json\/wp\/v2\/posts\/167211\/revisions\/167213"}],"wp:featuredmedia":[{"embeddable":true,"href":"https:\/\/www.caririemacao.com\/1\/wp-json\/wp\/v2\/media\/167212"}],"wp:attachment":[{"href":"https:\/\/www.caririemacao.com\/1\/wp-json\/wp\/v2\/media?parent=167211"}],"wp:term":[{"taxonomy":"category","embeddable":true,"href":"https:\/\/www.caririemacao.com\/1\/wp-json\/wp\/v2\/categories?post=167211"},{"taxonomy":"post_tag","embeddable":true,"href":"https:\/\/www.caririemacao.com\/1\/wp-json\/wp\/v2\/tags?post=167211"}],"curies":[{"name":"wp","href":"https:\/\/api.w.org\/{rel}","templated":true}]}}