{"id":167224,"date":"2020-05-03T09:10:20","date_gmt":"2020-05-03T12:10:20","guid":{"rendered":"https:\/\/www.caririemacao.com\/1\/?p=167224"},"modified":"2020-05-03T09:10:23","modified_gmt":"2020-05-03T12:10:23","slug":"brasil-passa-de-96-mil-casos-confirmados-de-coronavirus","status":"publish","type":"post","link":"https:\/\/www.caririemacao.com\/1\/2020\/05\/03\/brasil-passa-de-96-mil-casos-confirmados-de-coronavirus\/","title":{"rendered":"Brasil passa de 96 mil casos confirmados de coronav\u00edrus"},"content":{"rendered":"\n<p>O Brasil atingiu a marca de 96.559 contamina\u00e7\u00f5es confirmadas pelo novo\u00a0coronav\u00edrus\u00a0e 6.750 mortes, segundo dados divulgados pelo Minist\u00e9rio da Sa\u00fade neste s\u00e1bado (2).<\/p>\n\n\n\n<p>De acordo com o governo, foram 421 novas mortes e 4.970 novos casos confirmados de coronav\u00edrus nas \u00faltimas 24 horas. A mortalidade est\u00e1 em 7%. H\u00e1 ainda outras 1.330 mortes em que se investiga a contamina\u00e7\u00e3o pelo v\u00edrus.<\/p>\n\n\n\n<p>At\u00e9 agora, 41 mil infectados j\u00e1 se recuperaram, segundo os dados do governo.<\/p>\n\n\n\n<p>Estado mais afetado, S\u00e3o Paulo teve 2.586 mortes e 31.174 casos. Comparando com dados de dez dias atr\u00e1s, quando havia 1.134 v\u00edtimas fatais, as mortes subiram 128%. Havia casos em 241 cidades, e agora j\u00e1 s\u00e3o 332 munic\u00edpios com registros.<\/p>\n\n\n\n<p>O \u00edndice de isolamento social vem caindo em S\u00e3o Paulo, o que preocupa autoridades. Nesta sexta (1\u00ba), um feriado, ele foi de 56%. Na quinta (30), por\u00e9m, essa taxa chegou a 46%, menor marca das \u00faltimas semanas.<\/p>\n\n\n\n<p>Com esses \u00edndices e o alto n\u00famero de contamina\u00e7\u00f5es, a capital paulista n\u00e3o relaxar\u00e1 a quarentena depois de 10 de maio. Al\u00e9m disso, a partir desta segunda (4), a prefeitura far\u00e1 bloqueios em avenidas para tentar conter a circula\u00e7\u00e3o de pessoas.<\/p>\n\n\n\n<p>Atr\u00e1s de SP vem Rio de Janeiro, com 971 mortes e 10.546 contamina\u00e7\u00f5es confirmadas. Outros estados com alto n\u00famero de mortes s\u00e3o Cear\u00e1 (638), Pernambuco (628) e Amazonas (501).<\/p>\n\n\n\n<p>Manaus, capital do Amazonas, foi a primeira cidade do pa\u00eds a ver seus sistemas colapsarem pela doen\u00e7a. A cidade \u00e9 tamb\u00e9m a \u00fanica at\u00e9 agora a enterrar mortos em valas coletivas ap\u00f3s os \u00f3bitos terem crescido 179,5% no m\u00eas de abril, em compara\u00e7\u00e3o com o mesmo per\u00edodo do ano passado<\/p>\n\n\n\n<p>Apesar disso, o governador do Amazonas, Wilson Lima (PSC) anunciou na quinta-feira (30) um plano de reabertura escalonada do com\u00e9rcio n\u00e3o essencial em Manaus daqui a duas semanas.<\/p>\n\n\n\n<p>O Brasil \u00e9 um dos pa\u00edses com mais contamina\u00e7\u00f5es pelo novo v\u00edrus.<\/p>\n\n\n\n<p>O epicentro mundial, hoje, s\u00e3o os Estados Unidos, que at\u00e9 a tarde deste s\u00e1bado confirmava cerca de 1,12 milh\u00e3o de contamina\u00e7\u00f5es, segundo monitoramento da universidade americana Johns Hopkins. J\u00e1 morreram at\u00e9 agora 65,6 mil pessoas no pa\u00eds.<\/p>\n\n\n\n<p>Na sequ\u00eancia, vem a Espanha, com o dobro de casos do Brasil, cerca de 214 mil contamina\u00e7\u00f5es. L\u00e1, no entanto, o pico j\u00e1 passou, isto \u00e9, o n\u00famero de novos casos vem diminuindo. Isso permitiu o pa\u00eds come\u00e7ar a afrouxar o lockdown (quarentena severa, com proibi\u00e7\u00e3o de sair \u00e0 rua sem justificativa). Os espanh\u00f3is puderam sair \u00e0s ruas para praticar atividades f\u00edsicas pela primeira vez neste s\u00e1bado.<\/p>\n\n\n\n<p>It\u00e1lia, Reino Unido e Fran\u00e7a aparecem na sequ\u00eancia.<\/p>\n","protected":false},"excerpt":{"rendered":"<p>O Brasil atingiu a marca de 96.559 contamina\u00e7\u00f5es confirmadas pelo novo\u00a0coronav\u00edrus\u00a0e 6.750 mortes, segundo dados divulgados pelo Minist\u00e9rio da Sa\u00fade neste s\u00e1bado (2). De acordo&hellip; <\/p>\n","protected":false},"author":2,"featured_media":166387,"comment_status":"closed","ping_status":"closed","sticky":false,"template":"","format":"standard","meta":{"sfsi_plus_gutenberg_text_before_share":"","sfsi_plus_gutenberg_show_text_before_share":"","sfsi_plus_gutenberg_icon_type":"","sfsi_plus_gutenberg_icon_alignemt":"","sfsi_plus_gutenburg_max_per_row":"","footnotes":""},"categories":[50,2],"tags":[],"class_list":["post-167224","post","type-post","status-publish","format-standard","has-post-thumbnail","hentry","category-destaque","category-geral"],"_links":{"self":[{"href":"https:\/\/www.caririemacao.com\/1\/wp-json\/wp\/v2\/posts\/167224","targetHints":{"allow":["GET"]}}],"collection":[{"href":"https:\/\/www.caririemacao.com\/1\/wp-json\/wp\/v2\/posts"}],"about":[{"href":"https:\/\/www.caririemacao.com\/1\/wp-json\/wp\/v2\/types\/post"}],"author":[{"embeddable":true,"href":"https:\/\/www.caririemacao.com\/1\/wp-json\/wp\/v2\/users\/2"}],"replies":[{"embeddable":true,"href":"https:\/\/www.caririemacao.com\/1\/wp-json\/wp\/v2\/comments?post=167224"}],"version-history":[{"count":1,"href":"https:\/\/www.caririemacao.com\/1\/wp-json\/wp\/v2\/posts\/167224\/revisions"}],"predecessor-version":[{"id":167225,"href":"https:\/\/www.caririemacao.com\/1\/wp-json\/wp\/v2\/posts\/167224\/revisions\/167225"}],"wp:featuredmedia":[{"embeddable":true,"href":"https:\/\/www.caririemacao.com\/1\/wp-json\/wp\/v2\/media\/166387"}],"wp:attachment":[{"href":"https:\/\/www.caririemacao.com\/1\/wp-json\/wp\/v2\/media?parent=167224"}],"wp:term":[{"taxonomy":"category","embeddable":true,"href":"https:\/\/www.caririemacao.com\/1\/wp-json\/wp\/v2\/categories?post=167224"},{"taxonomy":"post_tag","embeddable":true,"href":"https:\/\/www.caririemacao.com\/1\/wp-json\/wp\/v2\/tags?post=167224"}],"curies":[{"name":"wp","href":"https:\/\/api.w.org\/{rel}","templated":true}]}}