{"id":167227,"date":"2020-05-03T09:17:22","date_gmt":"2020-05-03T12:17:22","guid":{"rendered":"https:\/\/www.caririemacao.com\/1\/?p=167227"},"modified":"2020-05-03T09:17:24","modified_gmt":"2020-05-03T12:17:24","slug":"depoimento-de-sergio-moro-a-pf-demorou-mais-de-8-horas","status":"publish","type":"post","link":"https:\/\/www.caririemacao.com\/1\/2020\/05\/03\/depoimento-de-sergio-moro-a-pf-demorou-mais-de-8-horas\/","title":{"rendered":"Depoimento de S\u00e9rgio Moro \u00e0 PF demorou mais de 8 horas"},"content":{"rendered":"\n<p>O ex-ministro Sergio Moro concluiu seu depoimento no pr\u00e9dio da Pol\u00edcia Federal em Curitiba neste s\u00e1bado (2), no inqu\u00e9rito que apura as acusa\u00e7\u00f5es que ele fez ao sair do governo Jair Bolsonaro.<\/p>\n\n\n\n<p>Ele continuava no local, mais de oito horas ap\u00f3s ter chegado ao pr\u00e9dio.<\/p>\n\n\n\n<p>Durante a manh\u00e3, a entrada do\u00a0pr\u00e9dio da PF virou palco de protestos, com grupos em apoio ao ex-juiz da Lava Jato e outros a favor do presidente Jair Bolsonaro.<\/p>\n\n\n\n<p>Moro chegou por volta das 13h15, mas entrou pelos fundos, frustrando a expectativa dos manifestantes. A chegada inflamou ainda mais os \u00e2nimos dos militantes pr\u00f3-Bolsonaro, que na maioria gritou palavras de ordem contra o ex-ministro.<\/p>\n\n\n\n<p>Antes das 22h, foram pedidas pizzas no pr\u00e9dio da PF para servir equipes em meio ao depoimento.<\/p>\n\n\n\n<p>Por volta das 18h45, a maioria dos manifestantes que cercavam a \u00e1rea saiu do local. Um pouco mais cedo, o grupo pr\u00f3-Bolsonaro queimou camisetas com as imagens de Moro. Eles cercaram o ato com bandeiras do Brasil, impedindo a imprensa de filmar ou fotografar. Do carro de som, uma mulher anunciou o fim da \u201cRep\u00fablica de Curitiba\u201d e o in\u00edcio do \u201cImp\u00e9rio de Curitiba\u201d.<\/p>\n\n\n\n<p>Desde a manh\u00e3, com alguns momentos de tens\u00e3o entre os dois grupos e ataques contra a imprensa, cerca de 50 manifestantes se aglomeraram diante do pr\u00e9dio da PF, que tamb\u00e9m j\u00e1 abrigou a vig\u00edlia em apoio ao ex-presidente Luiz In\u00e1cio Lula da Silva (PT), enquanto ele estava preso.<\/p>\n\n\n\n<p>Moro foi prestar depoimento ao lado do advogado Rodrigo Sanchez Rios, que tamb\u00e9m defendeu alguns presos pela Lava Jato. Entre eles, o ex-presidente da C\u00e2mara Eduardo Cunha, al\u00e9m de ter trabalhado no escrit\u00f3rio que defendeu Marcelo Odebrecht.<\/p>\n\n\n\n<p>A liga\u00e7\u00e3o foi ironizada por dois filhos do presidente Jair Bolsonaro em publica\u00e7\u00f5es em redes sociais.<\/p>\n\n\n\n<p>O deputado Eduardo Bolsonaro (PSL-SP) escreveu \u201cu\u00e9\u2026\u201d ao compartilhar publica\u00e7\u00e3o que dizia: \u201cO advogado do Sergio Mentiroso \u00e9 o mesmo advogado da Odebrecht\u201d. O vereador Carlos Bolsonaro (Republicanos-RJ) tamb\u00e9m distribuiu a mesma mensagem, com o coment\u00e1rio \u201cSem novidades!\u201d.<\/p>\n\n\n\n<p>Diante da PF de Curitiba, de um carro de som os militantes pr\u00f3-governo, mais numerosos, cantavam o hino nacional e gritavam palavras de ordem contra Moro, chamado na maior parte do tempo de traidor. \u201cN\u00e3o fomos n\u00f3s, foi voc\u00ea que sujou sua biografia\u201d, discursou Marisa Lobo, uma das manifestantes.<\/p>\n\n\n\n<p>De outro lado, apoiadores da opera\u00e7\u00e3o Lava Jato tentaram contrapor o discurso majorit\u00e1rio. \u201cVendiam camisetas do Moro, sobreviviam com a Lava Jato. E foram capazes de ir pra rua queimar a camiseta. N\u00e3o t\u00eam mais moral essas pessoas\u201d, criticou a empres\u00e1ria Simone de Ara\u00fajo. Menos de dez pessoas integravam o grupo que usava camisetas e carregava faixas a favor da Lava Jato.<\/p>\n\n\n\n<p>Simone conta que j\u00e1 fez parte do Acampamento Lava Jato, grupo que agora mudou de nome para apoiar Bolsonaro. \u201cInfelizmente a gente caiu na armadilha de novo. Se n\u00e3o fosse Moro, Bolsonaro n\u00e3o estaria na Presid\u00eancia, o Lula estaria. Isso os bolsonarianos n\u00e3o reconhecem\u201d, diz a empres\u00e1ria.<\/p>\n\n\n\n<p>At\u00e9 mesmo um apoiador de Lula queria acompanhar a chegada de Moro \u00e0 PF. \u201c\u00c9 a oportunidade de ver ele depor e prestar esclarecimentos ao pa\u00eds, n\u00e3o s\u00f3 em rela\u00e7\u00e3o a esse epis\u00f3dio da sa\u00edda do minist\u00e9rio. A divulga\u00e7\u00e3o o \u00e1udio da presidente Dilma com o Lula foi o estopim de tudo que a gente t\u00e1 vivendo\u201d, afirma \u00c1lvaro Faria, servidor p\u00fablico do estado.<\/p>\n\n\n\n<p>Com uma camiseta com o rosto de ex-presidente, ele foi hostilizado pelos demais manifestantes e acabou deixando o local.<\/p>\n\n\n\n<p>A imprensa tamb\u00e9m foi atacada. Um dos manifestantes empurrou a c\u00e2mera do cinegrafista da RIC, afiliada da rede a Record no Paran\u00e1, e iniciou uma confus\u00e3o. Com um bandeira do Brasil, ele gritava palavras de ordem contra a Rede Globo. Ele foi contido por policiais e deixou o local.<\/p>\n\n\n\n<p>Depois do epis\u00f3dio, a pol\u00edcia resolveu separar o espa\u00e7o em frente ao pr\u00e9dio da PF. De um lado, est\u00e3o os apoiadores de Moro. De outro, de Bolsonaro. O espa\u00e7o central ficou com a imprensa.<\/p>\n","protected":false},"excerpt":{"rendered":"<p>O ex-ministro Sergio Moro concluiu seu depoimento no pr\u00e9dio da Pol\u00edcia Federal em Curitiba neste s\u00e1bado (2), no inqu\u00e9rito que apura as acusa\u00e7\u00f5es que ele&hellip; <\/p>\n","protected":false},"author":2,"featured_media":167229,"comment_status":"closed","ping_status":"closed","sticky":false,"template":"","format":"standard","meta":{"sfsi_plus_gutenberg_text_before_share":"","sfsi_plus_gutenberg_show_text_before_share":"","sfsi_plus_gutenberg_icon_type":"","sfsi_plus_gutenberg_icon_alignemt":"","sfsi_plus_gutenburg_max_per_row":"","footnotes":""},"categories":[50,11],"tags":[],"class_list":["post-167227","post","type-post","status-publish","format-standard","has-post-thumbnail","hentry","category-destaque","category-politica"],"_links":{"self":[{"href":"https:\/\/www.caririemacao.com\/1\/wp-json\/wp\/v2\/posts\/167227","targetHints":{"allow":["GET"]}}],"collection":[{"href":"https:\/\/www.caririemacao.com\/1\/wp-json\/wp\/v2\/posts"}],"about":[{"href":"https:\/\/www.caririemacao.com\/1\/wp-json\/wp\/v2\/types\/post"}],"author":[{"embeddable":true,"href":"https:\/\/www.caririemacao.com\/1\/wp-json\/wp\/v2\/users\/2"}],"replies":[{"embeddable":true,"href":"https:\/\/www.caririemacao.com\/1\/wp-json\/wp\/v2\/comments?post=167227"}],"version-history":[{"count":2,"href":"https:\/\/www.caririemacao.com\/1\/wp-json\/wp\/v2\/posts\/167227\/revisions"}],"predecessor-version":[{"id":167230,"href":"https:\/\/www.caririemacao.com\/1\/wp-json\/wp\/v2\/posts\/167227\/revisions\/167230"}],"wp:featuredmedia":[{"embeddable":true,"href":"https:\/\/www.caririemacao.com\/1\/wp-json\/wp\/v2\/media\/167229"}],"wp:attachment":[{"href":"https:\/\/www.caririemacao.com\/1\/wp-json\/wp\/v2\/media?parent=167227"}],"wp:term":[{"taxonomy":"category","embeddable":true,"href":"https:\/\/www.caririemacao.com\/1\/wp-json\/wp\/v2\/categories?post=167227"},{"taxonomy":"post_tag","embeddable":true,"href":"https:\/\/www.caririemacao.com\/1\/wp-json\/wp\/v2\/tags?post=167227"}],"curies":[{"name":"wp","href":"https:\/\/api.w.org\/{rel}","templated":true}]}}