{"id":167233,"date":"2020-05-03T09:23:43","date_gmt":"2020-05-03T12:23:43","guid":{"rendered":"https:\/\/www.caririemacao.com\/1\/?p=167233"},"modified":"2020-05-03T09:23:45","modified_gmt":"2020-05-03T12:23:45","slug":"estado-recebe-20-respiradores-pulmonares-e-amplia-oferta-de-leitos-de-uti","status":"publish","type":"post","link":"https:\/\/www.caririemacao.com\/1\/2020\/05\/03\/estado-recebe-20-respiradores-pulmonares-e-amplia-oferta-de-leitos-de-uti\/","title":{"rendered":"Estado recebe 20 respiradores pulmonares e amplia oferta de leitos de UTI"},"content":{"rendered":"\n<p><\/p>\n\n\n\n<p>O Governo do Estado da Para\u00edba recebeu, neste s\u00e1bado (2), os primeiros 20 respiradores enviados at\u00e9 o momento pelo Governo Federal (6 de transporte e 14 de UTI) para tratamento de pacientes diagnosticados com a Covid-19. Destes, 10 ir\u00e3o para o Hospital Metropolitano para que sejam abertos novos leitos at\u00e9 a pr\u00f3xima sexta-feira (8). Assim, a unidade contabiliza 20 novos leitos, j\u00e1 que 10 foram abertos na semana passada.<\/p>\n\n\n\n<p>De acordo com o secret\u00e1rio estadual da Sa\u00fade, Geraldo Medeiros, outros quatro ser\u00e3o cedidos \u00e0 Secretaria Municipal de Jo\u00e3o Pessoa que, com mais seis respiradores da rede municipal permitir\u00e3o a abertura de 10 leitos de UTI no Pronto Vida at\u00e9 o dia 11 de maio e ser\u00e3o abertas 30 enfermarias no mesmo prazo.<img decoding=\"async\" data-src=\"https:\/\/paraibaonline.com.br\/wp-content\/uploads\/2020\/05\/respiradores-pulmonares-govpb-secompb2-1.jpg\" alt=\"Foto: Francisco Fran\u00e7a-Secom\/PB\" data-srcset=\"https:\/\/paraibaonline.com.br\/wp-content\/uploads\/2020\/05\/respiradores-pulmonares-govpb-secompb2-1.jpg 800w, https:\/\/paraibaonline.com.br\/wp-content\/uploads\/2020\/05\/respiradores-pulmonares-govpb-secompb2-1-556x417.jpg 556w\" src=\"data:image\/svg+xml;base64,PHN2ZyB3aWR0aD0iMSIgaGVpZ2h0PSIxIiB4bWxucz0iaHR0cDovL3d3dy53My5vcmcvMjAwMC9zdmciPjwvc3ZnPg==\" class=\"lazyload\"><\/p>\n\n\n\n<p>Foto: Francisco Fran\u00e7a-Secom\/PB<\/p>\n\n\n\n<p>\u201cO objetivo de dividir parte desses respiradores enviados pelo Minist\u00e9rio da Sa\u00fade com a SMS de Jo\u00e3o Pessoa \u00e9 auxiliar na abertura de leitos previstos no Plano Estadual de Conting\u00eancia, uma vez que \u00e9 o munic\u00edpio que tem o maior quantitativo de casos\u201d, informou.<img decoding=\"async\" data-src=\"https:\/\/paraibaonline.com.br\/wp-content\/uploads\/2020\/05\/respiradores-pulmonares-govpb-secompb3-1.jpg\" alt=\"Foto: Francisco Fran\u00e7a-Secom\/PB\" data-srcset=\"https:\/\/paraibaonline.com.br\/wp-content\/uploads\/2020\/05\/respiradores-pulmonares-govpb-secompb3-1.jpg 800w, https:\/\/paraibaonline.com.br\/wp-content\/uploads\/2020\/05\/respiradores-pulmonares-govpb-secompb3-1-556x417.jpg 556w\" src=\"data:image\/svg+xml;base64,PHN2ZyB3aWR0aD0iMSIgaGVpZ2h0PSIxIiB4bWxucz0iaHR0cDovL3d3dy53My5vcmcvMjAwMC9zdmciPjwvc3ZnPg==\" class=\"lazyload\"><\/p>\n\n\n\n<p>Foto: Francisco Fran\u00e7a-Secom\/PB<\/p>\n\n\n\n<p>Dos seis ventiladores de transporte que chegar\u00e3o, quatro ficar\u00e3o com o Estado para que sejam fortalecidas as Unidades de Suporte Avan\u00e7ado e dois v\u00e3o para o Servi\u00e7o de Atendimento M\u00f3vel de Urg\u00eancia (Saiu) Jo\u00e3o Pessoa para refor\u00e7ar as respostas na Regi\u00e3o Metropolitana.<\/p>\n","protected":false},"excerpt":{"rendered":"<p>O Governo do Estado da Para\u00edba recebeu, neste s\u00e1bado (2), os primeiros 20 respiradores enviados at\u00e9 o momento pelo Governo Federal (6 de transporte e&hellip; <\/p>\n","protected":false},"author":2,"featured_media":167234,"comment_status":"closed","ping_status":"closed","sticky":false,"template":"","format":"standard","meta":{"sfsi_plus_gutenberg_text_before_share":"","sfsi_plus_gutenberg_show_text_before_share":"","sfsi_plus_gutenberg_icon_type":"","sfsi_plus_gutenberg_icon_alignemt":"","sfsi_plus_gutenburg_max_per_row":"","footnotes":""},"categories":[2],"tags":[],"class_list":["post-167233","post","type-post","status-publish","format-standard","has-post-thumbnail","hentry","category-geral"],"_links":{"self":[{"href":"https:\/\/www.caririemacao.com\/1\/wp-json\/wp\/v2\/posts\/167233","targetHints":{"allow":["GET"]}}],"collection":[{"href":"https:\/\/www.caririemacao.com\/1\/wp-json\/wp\/v2\/posts"}],"about":[{"href":"https:\/\/www.caririemacao.com\/1\/wp-json\/wp\/v2\/types\/post"}],"author":[{"embeddable":true,"href":"https:\/\/www.caririemacao.com\/1\/wp-json\/wp\/v2\/users\/2"}],"replies":[{"embeddable":true,"href":"https:\/\/www.caririemacao.com\/1\/wp-json\/wp\/v2\/comments?post=167233"}],"version-history":[{"count":1,"href":"https:\/\/www.caririemacao.com\/1\/wp-json\/wp\/v2\/posts\/167233\/revisions"}],"predecessor-version":[{"id":167235,"href":"https:\/\/www.caririemacao.com\/1\/wp-json\/wp\/v2\/posts\/167233\/revisions\/167235"}],"wp:featuredmedia":[{"embeddable":true,"href":"https:\/\/www.caririemacao.com\/1\/wp-json\/wp\/v2\/media\/167234"}],"wp:attachment":[{"href":"https:\/\/www.caririemacao.com\/1\/wp-json\/wp\/v2\/media?parent=167233"}],"wp:term":[{"taxonomy":"category","embeddable":true,"href":"https:\/\/www.caririemacao.com\/1\/wp-json\/wp\/v2\/categories?post=167233"},{"taxonomy":"post_tag","embeddable":true,"href":"https:\/\/www.caririemacao.com\/1\/wp-json\/wp\/v2\/tags?post=167233"}],"curies":[{"name":"wp","href":"https:\/\/api.w.org\/{rel}","templated":true}]}}