{"id":167239,"date":"2020-05-03T09:36:05","date_gmt":"2020-05-03T12:36:05","guid":{"rendered":"https:\/\/www.caririemacao.com\/1\/?p=167239"},"modified":"2020-05-03T09:36:07","modified_gmt":"2020-05-03T12:36:07","slug":"senado-aprova-socorro-a-estados-e-municipios-pb-deve-receber-r-448-milhoes","status":"publish","type":"post","link":"https:\/\/www.caririemacao.com\/1\/2020\/05\/03\/senado-aprova-socorro-a-estados-e-municipios-pb-deve-receber-r-448-milhoes\/","title":{"rendered":"Senado aprova socorro a Estados e Munic\u00edpios; PB deve receber R$ 448 milh\u00f5es"},"content":{"rendered":"\n<h1 class=\"wp-block-heading\"><a rel=\"noreferrer noopener\" href=\"https:\/\/api.whatsapp.com\/send?text=https:\/\/fonte83.com.br\/senado-aprova-socorro-a-estados-e-municipios-pb-deve-receber-r-448-milhoes\" target=\"_blank\"><\/a><\/h1>\n\n\n\n<p>O Plen\u00e1rio do Senado aprovou nesse s\u00e1bado (2) o Programa Federativo de Enfrentamento ao Coronav\u00edrus (<a href=\"http:\/\/www25.senado.leg.br\/web\/atividade\/materias\/-\/materia\/141188\">PLP 39\/2020<\/a>), que prestar\u00e1 aux\u00edlio financeiro de R$ 125 bilh\u00f5es a estados e munic\u00edpios para combate \u00e0 pandemia do novo Coronav\u00edrus, que causa a doen\u00e7a covid-19. O valor inclui repasses diretos e suspens\u00e3o de d\u00edvidas. Foram 79 votos favor\u00e1veis e um voto contr\u00e1rio. O tema segue para a C\u00e2mara dos Deputados. Segundo o PLP, a Para\u00edba dever\u00e1 receber R$ 441,1 milh\u00f5es.<\/p>\n\n\n\n<p>O programa vai direcionar R$ 60 bilh\u00f5es em quatro parcelas mensais, sendo R$ 10 bilh\u00f5es exclusivamente para a\u00e7\u00f5es de sa\u00fade e assist\u00eancia social (R$ 7 bi para os estados e R$ 3 bi para os munic\u00edpios) e R$ 50 bilh\u00f5es para uso livre (R$ 30 bi para os estados e R$ 20 bi para os munic\u00edpios). Al\u00e9m disso, o Distrito Federal receber\u00e1 uma cota \u00e0 parte, de R$ 154,6 milh\u00f5es, em fun\u00e7\u00e3o de n\u00e3o participar do rateio entre os munic\u00edpios. Esse valor tamb\u00e9m ser\u00e1 remetido em quatro parcelas.<\/p>\n\n\n\n<p>Al\u00e9m dos repasses, os estados e munic\u00edpios ser\u00e3o beneficiados com a libera\u00e7\u00e3o de R$ 49 bilh\u00f5es atrav\u00e9s da suspens\u00e3o e renegocia\u00e7\u00e3o de d\u00edvidas com a Uni\u00e3o e com bancos p\u00fablicos e de outros R$ 10,6 bilh\u00f5es pela renegocia\u00e7\u00e3o de empr\u00e9stimos com organismos internacionais, que t\u00eam aval da Uni\u00e3o.<\/p>\n","protected":false},"excerpt":{"rendered":"<p>O Plen\u00e1rio do Senado aprovou nesse s\u00e1bado (2) o Programa Federativo de Enfrentamento ao Coronav\u00edrus (PLP 39\/2020), que prestar\u00e1 aux\u00edlio financeiro de R$ 125 bilh\u00f5es&hellip; <\/p>\n","protected":false},"author":2,"featured_media":165674,"comment_status":"closed","ping_status":"closed","sticky":false,"template":"","format":"standard","meta":{"sfsi_plus_gutenberg_text_before_share":"","sfsi_plus_gutenberg_show_text_before_share":"","sfsi_plus_gutenberg_icon_type":"","sfsi_plus_gutenberg_icon_alignemt":"","sfsi_plus_gutenburg_max_per_row":"","footnotes":""},"categories":[2],"tags":[],"class_list":["post-167239","post","type-post","status-publish","format-standard","has-post-thumbnail","hentry","category-geral"],"_links":{"self":[{"href":"https:\/\/www.caririemacao.com\/1\/wp-json\/wp\/v2\/posts\/167239","targetHints":{"allow":["GET"]}}],"collection":[{"href":"https:\/\/www.caririemacao.com\/1\/wp-json\/wp\/v2\/posts"}],"about":[{"href":"https:\/\/www.caririemacao.com\/1\/wp-json\/wp\/v2\/types\/post"}],"author":[{"embeddable":true,"href":"https:\/\/www.caririemacao.com\/1\/wp-json\/wp\/v2\/users\/2"}],"replies":[{"embeddable":true,"href":"https:\/\/www.caririemacao.com\/1\/wp-json\/wp\/v2\/comments?post=167239"}],"version-history":[{"count":1,"href":"https:\/\/www.caririemacao.com\/1\/wp-json\/wp\/v2\/posts\/167239\/revisions"}],"predecessor-version":[{"id":167240,"href":"https:\/\/www.caririemacao.com\/1\/wp-json\/wp\/v2\/posts\/167239\/revisions\/167240"}],"wp:featuredmedia":[{"embeddable":true,"href":"https:\/\/www.caririemacao.com\/1\/wp-json\/wp\/v2\/media\/165674"}],"wp:attachment":[{"href":"https:\/\/www.caririemacao.com\/1\/wp-json\/wp\/v2\/media?parent=167239"}],"wp:term":[{"taxonomy":"category","embeddable":true,"href":"https:\/\/www.caririemacao.com\/1\/wp-json\/wp\/v2\/categories?post=167239"},{"taxonomy":"post_tag","embeddable":true,"href":"https:\/\/www.caririemacao.com\/1\/wp-json\/wp\/v2\/tags?post=167239"}],"curies":[{"name":"wp","href":"https:\/\/api.w.org\/{rel}","templated":true}]}}