{"id":167245,"date":"2020-05-03T09:40:20","date_gmt":"2020-05-03T12:40:20","guid":{"rendered":"https:\/\/www.caririemacao.com\/1\/?p=167245"},"modified":"2020-05-03T09:40:23","modified_gmt":"2020-05-03T12:40:23","slug":"bolsonaro-ataca-moro-e-chama-ex-ministro-de-judas","status":"publish","type":"post","link":"https:\/\/www.caririemacao.com\/1\/2020\/05\/03\/bolsonaro-ataca-moro-e-chama-ex-ministro-de-judas\/","title":{"rendered":"Bolsonaro ataca Moro e chama ex-ministro de &#8220;Judas&#8221;"},"content":{"rendered":"\n<h1 class=\"wp-block-heading\"><\/h1>\n\n\n\n<figure class=\"wp-block-image\"><img decoding=\"async\" data-src=\"https:\/\/thumbor.clickpb.com.br\/vyLbf0b_1HEwa9mzPhngc667YN8=\/876x585\/top\/smart\/www.clickpb.com.br\/media\/filer_public\/0e\/bd\/0ebd3c1d-330f-41da-bc24-00307f094644\/2019-06-17t221633z2042742316rc1b27c8b230rtrmadp3brazil-politics.jpg\" alt=\"\" src=\"data:image\/svg+xml;base64,PHN2ZyB3aWR0aD0iMSIgaGVpZ2h0PSIxIiB4bWxucz0iaHR0cDovL3d3dy53My5vcmcvMjAwMC9zdmciPjwvc3ZnPg==\" class=\"lazyload\" \/><\/figure>\n\n\n\n<p> O presidente Jair Bolsonaro voltou a criticar duramente o ex-ministro da Justi\u00e7a e Seguran\u00e7a P\u00fablica, Sergio Moro, insinuando que o ex-aliado o teria tra\u00eddo, sem levar adiante as investiga\u00e7\u00f5es sobre a facada dada no presidente por Ad\u00e9lio Bispo.<\/p>\n\n\n\n<p>Bolsonaro usou suas contas no Facebook e&nbsp;<a href=\"https:\/\/twitter.com\/jairbolsonaro\/status\/1256570448088883200\">Twitter<\/a>&nbsp;para divulgar um v\u00eddeo em que uma pessoa diz ter identificado vozes de outras pessoas que falariam com Ad\u00e9lio no momento do crime.<\/p>\n\n\n\n<p>&#8220;Os mandantes est\u00e3o em Bras\u00edlia?&#8221;, questiona Bolsonaro, nas publica\u00e7\u00f5es. &#8220;O Judas, que hoje depor\u00e1, interferiu para que n\u00e3o se investigasse?&#8221;, pergunta o presidente, referindo-se a Moro, que neste s\u00e1bado (2), presta depoimento \u00e0 Pol\u00edcia Federal e \u00e0 Procuradoria-Geral da Uni\u00e3o.<\/p>\n\n\n\n<p><strong>LEIA MAIS<\/strong>:&nbsp;<a href=\"https:\/\/www.clickpb.com.br\/brasil\/em-depoimento-de-mais-de-8-horas-moro-apresenta-novas-provas-contra-bolsonaro-283249.html\">Em depoimento de mais de 8 horas, Moro apresenta novas provas contra Bolsonaro<\/a><\/p>\n\n\n\n<p>&#8220;Nada farei que n\u00e3o esteja de acordo com a Constitui\u00e7\u00e3o. Mas tamb\u00e9m N\u00c3O ADMITIREI que fa\u00e7am contra MIM e ao nosso Brasil passando por cima da mesma Constitui\u00e7\u00e3o. Ningu\u00e9m vai querer dar o golpe para cima de mim, n\u00e3o&#8221;, escreveu Bolsonaro.<\/p>\n\n\n\n<p>O caso de Ad\u00e9lio Bispo j\u00e1 teve uma investiga\u00e7\u00e3o feita pela PF e conclu\u00edda em 2018, que apontou que n\u00e3o houve apoio externo \u00e0 sua tentativa de matar Bolsonaro. Uma segunda investiga\u00e7\u00e3o foi aberta e tem apontado para o mesmo caminho. Bolsonaro insiste que foi v\u00edtima de uma a\u00e7\u00e3o planejada e que haveria terceiras pessoas ligadas ao atentado.<\/p>\n\n\n\n<p>Na manh\u00e3 deste s\u00e1bado, Bolsonaro deixou o Pal\u00e1cio do Alvorada sem falar com a imprensa. A apoiadores que estavam na entrada do local, disse que n\u00e3o ser\u00e1 alvo de nenhum &#8220;golpe&#8221; em seu governo. &#8220;Ningu\u00e9m vai fazer nada ao arrepio da Constitui\u00e7\u00e3o&#8221;, afirmou o presidente. &#8220;Ningu\u00e9m vai querer dar o golpe para cima de mim, n\u00e3o&#8221;, declarou.<\/p>\n\n\n\n<p>Ap\u00f3s o coment\u00e1rio, Bolsonaro entrou no carro e partiu. A assessoria do presidente n\u00e3o informou o destino de Bolsonaro ao deixar o Alvorada.<\/p>\n","protected":false},"excerpt":{"rendered":"<p>O presidente Jair Bolsonaro voltou a criticar duramente o ex-ministro da Justi\u00e7a e Seguran\u00e7a P\u00fablica, Sergio Moro, insinuando que o ex-aliado o teria tra\u00eddo, sem&hellip; <\/p>\n","protected":false},"author":2,"featured_media":166422,"comment_status":"closed","ping_status":"closed","sticky":false,"template":"","format":"standard","meta":{"sfsi_plus_gutenberg_text_before_share":"","sfsi_plus_gutenberg_show_text_before_share":"","sfsi_plus_gutenberg_icon_type":"","sfsi_plus_gutenberg_icon_alignemt":"","sfsi_plus_gutenburg_max_per_row":"","footnotes":""},"categories":[11],"tags":[],"class_list":["post-167245","post","type-post","status-publish","format-standard","has-post-thumbnail","hentry","category-politica"],"_links":{"self":[{"href":"https:\/\/www.caririemacao.com\/1\/wp-json\/wp\/v2\/posts\/167245","targetHints":{"allow":["GET"]}}],"collection":[{"href":"https:\/\/www.caririemacao.com\/1\/wp-json\/wp\/v2\/posts"}],"about":[{"href":"https:\/\/www.caririemacao.com\/1\/wp-json\/wp\/v2\/types\/post"}],"author":[{"embeddable":true,"href":"https:\/\/www.caririemacao.com\/1\/wp-json\/wp\/v2\/users\/2"}],"replies":[{"embeddable":true,"href":"https:\/\/www.caririemacao.com\/1\/wp-json\/wp\/v2\/comments?post=167245"}],"version-history":[{"count":1,"href":"https:\/\/www.caririemacao.com\/1\/wp-json\/wp\/v2\/posts\/167245\/revisions"}],"predecessor-version":[{"id":167246,"href":"https:\/\/www.caririemacao.com\/1\/wp-json\/wp\/v2\/posts\/167245\/revisions\/167246"}],"wp:featuredmedia":[{"embeddable":true,"href":"https:\/\/www.caririemacao.com\/1\/wp-json\/wp\/v2\/media\/166422"}],"wp:attachment":[{"href":"https:\/\/www.caririemacao.com\/1\/wp-json\/wp\/v2\/media?parent=167245"}],"wp:term":[{"taxonomy":"category","embeddable":true,"href":"https:\/\/www.caririemacao.com\/1\/wp-json\/wp\/v2\/categories?post=167245"},{"taxonomy":"post_tag","embeddable":true,"href":"https:\/\/www.caririemacao.com\/1\/wp-json\/wp\/v2\/tags?post=167245"}],"curies":[{"name":"wp","href":"https:\/\/api.w.org\/{rel}","templated":true}]}}