{"id":167252,"date":"2020-05-03T10:21:57","date_gmt":"2020-05-03T13:21:57","guid":{"rendered":"https:\/\/www.caririemacao.com\/1\/?p=167252"},"modified":"2020-05-03T10:22:00","modified_gmt":"2020-05-03T13:22:00","slug":"jair-bolsonaro-lidera-pesquisa-em-todos-os-cenarios-aponta-revista-veja","status":"publish","type":"post","link":"https:\/\/www.caririemacao.com\/1\/2020\/05\/03\/jair-bolsonaro-lidera-pesquisa-em-todos-os-cenarios-aponta-revista-veja\/","title":{"rendered":"Jair Bolsonaro lidera pesquisa em todos os cen\u00e1rios, aponta revista Veja"},"content":{"rendered":"\n<p>Em meio a uma grave crise pol\u00edtica e \u00e0 pandemia do coronav\u00edrus, Jair Bolsonaro lidera a corrida presidencial para 2022 nos tr\u00eas cen\u00e1rios sondados em levantamento exclusivo feito pelo instituto Paran\u00e1 Pesquisas para VEJA, mas precisa se preocupar com os \u00edndices ruins de avalia\u00e7\u00e3o do seu governo. Em dois cen\u00e1rios, o presidente lidera de forma isolada, com uma diferen\u00e7a sobre o segundo colocado acima da margem de erro, que \u00e9 de dois pontos percentuais para mais ou para menos.<\/p>\n\n\n\n<p>Em um deles, o mais prov\u00e1vel hoje, ele surge com 27%, seguido pelo seu ex-ministro Sergio Moro \u2013 agora desafeto ap\u00f3s ter sa\u00eddo do governo disparando acusa\u00e7\u00f5es que renderam at\u00e9 um inqu\u00e9rito contra o presidente no Supremo Tribunal Federal -, que tem 18,1%. O ex-juiz da Lava-Jato est\u00e1 tecnicamente empatado, no limite da margem de erro, com o finalista do segundo turno presidencial de 2018, o ex-prefeito Fernando Haddad (PT), que tem 14,1%.<\/p>\n\n\n\n<figure class=\"wp-block-image\"><img decoding=\"async\" data-src=\"https:\/\/www.clickpb.com.br\/media\/filer_public\/97\/e2\/97e299b3-4e31-4d05-9c51-c186b2c77cfb\/bebemascara.jpg\" alt=\"\" src=\"data:image\/svg+xml;base64,PHN2ZyB3aWR0aD0iMSIgaGVpZ2h0PSIxIiB4bWxucz0iaHR0cDovL3d3dy53My5vcmcvMjAwMC9zdmciPjwvc3ZnPg==\" class=\"lazyload\" \/><\/figure>\n\n\n\n<p>A pesquisa foi feita entre os dias 26 e 29 de abril e j\u00e1 captou a crise pol\u00edtica desencadeada com a sa\u00edda rumorosa de Moro do governo. Ele acusou o presidente de interfer\u00eancia pol\u00edtica na Pol\u00edcia Federal ao pressionar pela sa\u00edda do diretor-geral do \u00f3rg\u00e3o, Maur\u00edcio Valeixo, com o objetivo de obter acesso a investiga\u00e7\u00f5es em andamento, inclusive envolvendo os seus filhos.<\/p>\n\n\n\n<p>Em outro cen\u00e1rio, sem Moro na disputa, Bolsonaro amplia a sua lideran\u00e7a, com 29,1% dos votos contra 15,4% de Haddad, que passa a ser o segundo colocado. Ciro Gomes (PDT) surge em terceiro, com 11,1%, repetindo a linha de chegada do primeiro turno da elei\u00e7\u00e3o presidencial de 2018. Neste quadro, a surpresa \u00e9 outro ex-ministro, Luiz Henrique Mandetta (DEM), que tamb\u00e9m saiu da pasta da Sa\u00fade em meio a desaven\u00e7as com o presidente \u2013 ele aparece com 6,8%.<\/p>\n\n\n\n<figure class=\"wp-block-image\"><img decoding=\"async\" data-src=\"https:\/\/www.clickpb.com.br\/media\/filer_public\/78\/b7\/78b7dbd8-a86b-4061-beb1-a07ca1d8ad73\/bebemascara.jpg\" alt=\"\" src=\"data:image\/svg+xml;base64,PHN2ZyB3aWR0aD0iMSIgaGVpZ2h0PSIxIiB4bWxucz0iaHR0cDovL3d3dy53My5vcmcvMjAwMC9zdmciPjwvc3ZnPg==\" class=\"lazyload\" \/><\/figure>\n\n\n\n<p>O \u00fanico cen\u00e1rio em que Bolsonaro n\u00e3o lidera com folga \u00e9 o que tem o ex-presidente Luiz In\u00e1cio Lula da Silva como candidato do PT. Nesse caso, ele tamb\u00e9m aparece numericamente \u00e0 frente, com 26,3% das inten\u00e7\u00f5es de voto, mas empatado tecnicamente com o petista, que tem 23,1%. Nesse cen\u00e1rio, Moro surge em terceiro, com 17,5%. Neste momento, Lula n\u00e3o pode ser candidato porque est\u00e1 ineleg\u00edvel, enquadrado na Lei da Ficha Limpa, por ter sido condenado em duas inst\u00e2ncias \u2013 em uma delas, ironicamente pelo pr\u00f3prio Moro \u2013 no processo relativo a um tr\u00edplex no Guaruj\u00e1, que teria sido dado a ele pela construtora OAS como pagamento de propina.<\/p>\n\n\n\n<p>\u201cHoje, a elei\u00e7\u00e3o tem tr\u00eas figuras muito fortes. Bolsonaro, Moro e Lula s\u00e3o aqueles que t\u00eam densidade nacional, com a diferen\u00e7a de que Bolsonaro e Moro s\u00e3o os que est\u00e3o em maior evid\u00eancia agora. Para o PT, a candidatura do Moro \u00e9 fundamental para reequilibrar a elei\u00e7\u00e3o e dividir o eleitorado considerado de direita\u201d, afirma Murilo Hidalgo, diretor do Paran\u00e1 Pesquisas.<\/p>\n\n\n\n<figure class=\"wp-block-image\"><img decoding=\"async\" data-src=\"https:\/\/www.clickpb.com.br\/media\/filer_public\/a7\/ee\/a7ee6403-b18d-4a66-9539-fcc6113e61c4\/bebemascara.jpg\" alt=\"\" src=\"data:image\/svg+xml;base64,PHN2ZyB3aWR0aD0iMSIgaGVpZ2h0PSIxIiB4bWxucz0iaHR0cDovL3d3dy53My5vcmcvMjAwMC9zdmciPjwvc3ZnPg==\" class=\"lazyload\" \/><\/figure>\n\n\n\n<p>Desde que assumiu o governo, mesmo com os trope\u00e7os variados que tem dado no exerc\u00edcio do cargo, Bolsonaro tem conseguido manter sempre algo em torno de 30% do eleitorado, o suficiente para lev\u00e1-lo a um segundo turno. Para convencer o restante do eleitorado, no entanto, Bolsonaro ter\u00e1 que superar a crise atual e melhorar a avalia\u00e7\u00e3o de sua gest\u00e3o. Segundo a pesquisa, 44% dos consultados aprovam o seu governo, enquanto 51,7% desaprovam. Outro dado negativo \u00e9 que apenas 31,8% do eleitorado considera a sua administra\u00e7\u00e3o \u00f3tima ou boa contra 39,4% que a avaliam como ruim ou p\u00e9ssima. Outros 27,3% acreditam que seu desempenho \u00e9 regular.<\/p>\n\n\n\n<p>O instituto Paran\u00e1 Pesquisas tamb\u00e9m perguntou como se Bolsonaro est\u00e1 se saindo em rela\u00e7\u00e3o ao que aguardavam do seu governo: para 58,8% seu desempenho \u00e9 pior do que esperavam, enquanto 35,3% dizem que ele est\u00e1 se saindo melhor do que a expectativa.<\/p>\n\n\n\n<p>\u201c\u00c9 o pior momento do governo em termos de popularidade. Esse um ter\u00e7o que Bolsonaro mant\u00e9m consolidado \u00e9 impressionante, mas as pessoas que consideram sua gest\u00e3o \u2018regular\u2019 est\u00e3o come\u00e7ando a classific\u00e1-lo como \u2018ruim\u2019 ou \u2018p\u00e9ssimo\u2019. As confus\u00f5es que Bolsonaro est\u00e1 criando t\u00eam feito com que ele perca o eleitor neutro. E me parece que ele n\u00e3o est\u00e1 preocupado com isso, mas em governar para manter os 30%\u201d, entende Murilo Hidalgo.<\/p>\n\n\n\n<figure class=\"wp-block-image\"><img decoding=\"async\" data-src=\"https:\/\/www.clickpb.com.br\/media\/filer_public\/82\/b7\/82b76b1e-1cf3-4605-893d-2c33026c34d2\/bebemascara.jpg\" alt=\"\" src=\"data:image\/svg+xml;base64,PHN2ZyB3aWR0aD0iMSIgaGVpZ2h0PSIxIiB4bWxucz0iaHR0cDovL3d3dy53My5vcmcvMjAwMC9zdmciPjwvc3ZnPg==\" class=\"lazyload\" \/><\/figure>\n\n\n\n<figure class=\"wp-block-image\"><img decoding=\"async\" data-src=\"https:\/\/www.clickpb.com.br\/media\/filer_public\/c1\/f6\/c1f6556b-7de4-491b-9050-48f21d3cad4a\/bebemascara.jpg\" alt=\"\" src=\"data:image\/svg+xml;base64,PHN2ZyB3aWR0aD0iMSIgaGVpZ2h0PSIxIiB4bWxucz0iaHR0cDovL3d3dy53My5vcmcvMjAwMC9zdmciPjwvc3ZnPg==\" class=\"lazyload\" \/><\/figure>\n\n\n\n<p>Bolsonaro tem acumulado confrontos no campo pol\u00edtico \u2013 al\u00e9m do desgaste provocado pelas sa\u00eddas de Mandetta e Moro, ele tem tido atritos com governadores de estados importantes como o de S\u00e3o Paulo, Jo\u00e3o Doria (PSDB), e o do Rio de Janeiro, Wilson Witzel (PSC) e com boa parte dos grandes partidos, tanto que tenta uma aproxima\u00e7\u00e3o com o Centr\u00e3o, bloco de partidos fisiol\u00f3gicos especialista em negociar apoio em troca de cargos. Em meio a tudo isso, j\u00e1 tem contra si mais de 30 pedidos de impeachment. O engavetamento ou tramita\u00e7\u00e3o desses processos dependem apenas do aval do presidente da C\u00e2mara, Rodrigo Maia (DEM-RJ), outro desafeto.<\/p>\n\n\n\n<p>\u201cA manuten\u00e7\u00e3o desses 30% mostra que existe um n\u00facleo s\u00f3lido em torno do presidente. \u00c9 um n\u00famero muito significativo. Se for visto como ponto de partida, \u00e9 um n\u00famero para garantir lugar no segundo turno. Isso impressiona porque o governo e a figura de Bolsonaro j\u00e1 foram expostos a todas as imagens negativas poss\u00edveis at\u00e9 aqui\u201d, diz Marco Antonio Carvalho Teixeira, cientista pol\u00edtico da FGV.<\/p>\n\n\n\n<p>O presidente tamb\u00e9m tem administrado mal a crise do coronav\u00edrus \u2013 subestimou a pandemia, tratando como \u201cgripezinha\u201d uma doen\u00e7a que j\u00e1 matou quase 6.000 brasileiros, e tem sido criticado diariamente por confrontar regras b\u00e1sicas de preven\u00e7\u00e3o da doen\u00e7a, como evitar aglomera\u00e7\u00f5es e n\u00e3o cumprimentar pessoas. De resto, tem pela frente um cen\u00e1rio econ\u00f4mico adverso, em boa parte em raz\u00e3o da paralisa\u00e7\u00e3o das atividades imposta pelo avan\u00e7o da Covid-19.<\/p>\n\n\n\n<p>ClickPB<\/p>\n","protected":false},"excerpt":{"rendered":"<p>Em meio a uma grave crise pol\u00edtica e \u00e0 pandemia do coronav\u00edrus, Jair Bolsonaro lidera a corrida presidencial para 2022 nos tr\u00eas cen\u00e1rios sondados em&hellip; <\/p>\n","protected":false},"author":2,"featured_media":167253,"comment_status":"closed","ping_status":"closed","sticky":false,"template":"","format":"standard","meta":{"sfsi_plus_gutenberg_text_before_share":"","sfsi_plus_gutenberg_show_text_before_share":"","sfsi_plus_gutenberg_icon_type":"","sfsi_plus_gutenberg_icon_alignemt":"","sfsi_plus_gutenburg_max_per_row":"","footnotes":""},"categories":[11],"tags":[],"class_list":["post-167252","post","type-post","status-publish","format-standard","has-post-thumbnail","hentry","category-politica"],"_links":{"self":[{"href":"https:\/\/www.caririemacao.com\/1\/wp-json\/wp\/v2\/posts\/167252","targetHints":{"allow":["GET"]}}],"collection":[{"href":"https:\/\/www.caririemacao.com\/1\/wp-json\/wp\/v2\/posts"}],"about":[{"href":"https:\/\/www.caririemacao.com\/1\/wp-json\/wp\/v2\/types\/post"}],"author":[{"embeddable":true,"href":"https:\/\/www.caririemacao.com\/1\/wp-json\/wp\/v2\/users\/2"}],"replies":[{"embeddable":true,"href":"https:\/\/www.caririemacao.com\/1\/wp-json\/wp\/v2\/comments?post=167252"}],"version-history":[{"count":1,"href":"https:\/\/www.caririemacao.com\/1\/wp-json\/wp\/v2\/posts\/167252\/revisions"}],"predecessor-version":[{"id":167254,"href":"https:\/\/www.caririemacao.com\/1\/wp-json\/wp\/v2\/posts\/167252\/revisions\/167254"}],"wp:featuredmedia":[{"embeddable":true,"href":"https:\/\/www.caririemacao.com\/1\/wp-json\/wp\/v2\/media\/167253"}],"wp:attachment":[{"href":"https:\/\/www.caririemacao.com\/1\/wp-json\/wp\/v2\/media?parent=167252"}],"wp:term":[{"taxonomy":"category","embeddable":true,"href":"https:\/\/www.caririemacao.com\/1\/wp-json\/wp\/v2\/categories?post=167252"},{"taxonomy":"post_tag","embeddable":true,"href":"https:\/\/www.caririemacao.com\/1\/wp-json\/wp\/v2\/tags?post=167252"}],"curies":[{"name":"wp","href":"https:\/\/api.w.org\/{rel}","templated":true}]}}