{"id":167256,"date":"2020-05-03T11:59:54","date_gmt":"2020-05-03T14:59:54","guid":{"rendered":"https:\/\/www.caririemacao.com\/1\/?p=167256"},"modified":"2020-05-03T11:59:55","modified_gmt":"2020-05-03T14:59:55","slug":"lockdown-prefeito-paraibano-anuncia-fechamento-total-da-cidade","status":"publish","type":"post","link":"https:\/\/www.caririemacao.com\/1\/2020\/05\/03\/lockdown-prefeito-paraibano-anuncia-fechamento-total-da-cidade\/","title":{"rendered":"Lockdown: prefeito paraibano anuncia fechamento total da cidade"},"content":{"rendered":"\n<p>Maior cidade em territ\u00f3rio da Para\u00edba, Santa Rita deve ser o primeiro munic\u00edpio&nbsp; paraibano a declarar lockdown, ou seja, o confinamento de todas as pessoas atrav\u00e9s do bloqueio total da cidade com fechamento de tudo o que for poss\u00edvel. O prefeito Emerson Panta j\u00e1 comunicou a inten\u00e7\u00e3o ao governador Jo\u00e3o Azev\u00eado.<\/p>\n\n\n\n<p>Com essa decis\u00e3o, a entrada e a sa\u00edda de ve\u00edculos particulares s\u00e3o proibidas e limites entre cidades s\u00e3o fechados, al\u00e9m da proibi\u00e7\u00e3o de aglomera\u00e7\u00f5es em locais p\u00fablicos.<\/p>\n\n\n\n<p>Praticamente todos os servi\u00e7os n\u00e3o essenciais ficam proibidos e s\u00f3 \u00e9 poss\u00edvel sair de casa para comprar alimenta\u00e7\u00e3o, rem\u00e9dios e levar pessoas a unidades de sa\u00fade.<\/p>\n\n\n\n<p>Santa Rita j\u00e1 chegou a 100 casos confirmados de covid-19.<\/p>\n\n\n\n<p><em>Com PB Agora<\/em><\/p>\n","protected":false},"excerpt":{"rendered":"<p>Maior cidade em territ\u00f3rio da Para\u00edba, Santa Rita deve ser o primeiro munic\u00edpio&nbsp; paraibano a declarar lockdown, ou seja, o confinamento de todas as pessoas&hellip; <\/p>\n","protected":false},"author":2,"featured_media":167258,"comment_status":"closed","ping_status":"closed","sticky":false,"template":"","format":"standard","meta":{"sfsi_plus_gutenberg_text_before_share":"","sfsi_plus_gutenberg_show_text_before_share":"","sfsi_plus_gutenberg_icon_type":"","sfsi_plus_gutenberg_icon_alignemt":"","sfsi_plus_gutenburg_max_per_row":"","footnotes":""},"categories":[6],"tags":[],"class_list":["post-167256","post","type-post","status-publish","format-standard","has-post-thumbnail","hentry","category-cidades"],"_links":{"self":[{"href":"https:\/\/www.caririemacao.com\/1\/wp-json\/wp\/v2\/posts\/167256","targetHints":{"allow":["GET"]}}],"collection":[{"href":"https:\/\/www.caririemacao.com\/1\/wp-json\/wp\/v2\/posts"}],"about":[{"href":"https:\/\/www.caririemacao.com\/1\/wp-json\/wp\/v2\/types\/post"}],"author":[{"embeddable":true,"href":"https:\/\/www.caririemacao.com\/1\/wp-json\/wp\/v2\/users\/2"}],"replies":[{"embeddable":true,"href":"https:\/\/www.caririemacao.com\/1\/wp-json\/wp\/v2\/comments?post=167256"}],"version-history":[{"count":1,"href":"https:\/\/www.caririemacao.com\/1\/wp-json\/wp\/v2\/posts\/167256\/revisions"}],"predecessor-version":[{"id":167257,"href":"https:\/\/www.caririemacao.com\/1\/wp-json\/wp\/v2\/posts\/167256\/revisions\/167257"}],"wp:featuredmedia":[{"embeddable":true,"href":"https:\/\/www.caririemacao.com\/1\/wp-json\/wp\/v2\/media\/167258"}],"wp:attachment":[{"href":"https:\/\/www.caririemacao.com\/1\/wp-json\/wp\/v2\/media?parent=167256"}],"wp:term":[{"taxonomy":"category","embeddable":true,"href":"https:\/\/www.caririemacao.com\/1\/wp-json\/wp\/v2\/categories?post=167256"},{"taxonomy":"post_tag","embeddable":true,"href":"https:\/\/www.caririemacao.com\/1\/wp-json\/wp\/v2\/tags?post=167256"}],"curies":[{"name":"wp","href":"https:\/\/api.w.org\/{rel}","templated":true}]}}