{"id":167261,"date":"2020-05-04T06:33:54","date_gmt":"2020-05-04T09:33:54","guid":{"rendered":"https:\/\/www.caririemacao.com\/1\/?p=167261"},"modified":"2020-05-04T06:33:55","modified_gmt":"2020-05-04T09:33:55","slug":"caixa-abre-duas-horas-mais-cedo-a-partir-desta-segunda-feira","status":"publish","type":"post","link":"https:\/\/www.caririemacao.com\/1\/2020\/05\/04\/caixa-abre-duas-horas-mais-cedo-a-partir-desta-segunda-feira\/","title":{"rendered":"Caixa abre duas horas mais cedo a partir desta segunda-feira"},"content":{"rendered":"\n<p>A partir desta segunda-feira (4) a Caixa vai antecipar em duas horas a abertura de todas as&nbsp;ag\u00eancias do&nbsp;pa\u00eds. Com a mudan\u00e7a \u2013 pensada para agilizar o atendimento e evitar grandes filas e aglomera\u00e7\u00e3o de pessoas aptas a receber o aux\u00edlio emergencial de R$ 600 \u2013 as unidades passar\u00e3o a funcionar de 8h \u00e0s 14h. Desde 22 de abril, 1.102 ag\u00eancias j\u00e1 vinham funcionando nesse hor\u00e1rio.<\/p>\n\n\n\n<p>O banco tamb\u00e9m anunciou, a partir desta segunda-feira, um refor\u00e7o no n\u00famero de vigilantes nas ag\u00eancias. Ser\u00e3o mais 2.800 que v\u00e3o se juntar aos 2 mil que j\u00e1 estavam atuando. Al\u00e9m deles, outras 389 recepcionistas v\u00e3o refor\u00e7ar orienta\u00e7\u00e3o e atendimento ao p\u00fablico.<\/p>\n\n\n\n<h2 class=\"wp-block-heading\">S\u00e1bado<\/h2>\n\n\n\n<p>Segundo o presidente da Caixa, Pedro Guimar\u00e3es, as filas nas ag\u00eancias do banco ocorrem porque os benefici\u00e1rios do Bolsa-Fam\u00edlia e os informais sem conta demandam atendimento pessoal. No pr\u00f3ximo s\u00e1bado (9) 1,4 mil ag\u00eancias v\u00e3o abrir para realiza\u00e7\u00e3o do saque do aux\u00edlio emergencial, ser\u00e3o 498 a mais que nesse s\u00e1bado (2), quando 902 atenderam a popula\u00e7\u00e3o.<\/p>\n\n\n\n<h2 class=\"wp-block-heading\">Segunda parcela<\/h2>\n\n\n\n<p>Para que se evite filas, o pagamento da segunda parcela do benef\u00edcio, deste m\u00eas,&nbsp;ser\u00e1 reformulado&nbsp;e divulgado ap\u00f3s uma reuni\u00e3o com o presidente Jair Bolsonaro ainda essa semana. Antes disso uma proposta de datas ser\u00e1 discutida com os ministros da Economia, Paulo Guedes e da Cidadania, Onyx Lorenzoni.<\/p>\n\n\n\n<h2 class=\"wp-block-heading\">Canais Digitais<\/h2>\n\n\n\n<p>A prioridade ainda \u00e9 manter o atendimento digital, por meio do cadastramento por app, site e a movimenta\u00e7\u00e3o do benef\u00edcio pelo \u201cCaixa Tem\u201d .A Caixa ressalta a import\u00e2ncia de que s\u00f3 devem ir pessoalmente \u00e0s ag\u00eancias os usu\u00e1rios que precisam realizar servi\u00e7os essenciais ou os benefici\u00e1rios que receberam o aux\u00edlio na Poupan\u00e7a Social Digital e querem receber o benef\u00edcio em dinheiro.<\/p>\n\n\n\n<p>O banco orienta que aqueles que receberam o cr\u00e9dito por meio da \u201cPoupan\u00e7a Digital Caixa\u201d devem pagar boletos e contas de \u00e1gua, luz, telefone, entre outras, bem como fazer transfer\u00eancias para outros bancos por meio do aplicativo.<\/p>\n\n\n\n<p>\u00c9 importante esclarecer que os benefici\u00e1rios do Aux\u00edlio Emergencial que receberam o cr\u00e9dito em poupan\u00e7a da CAIXA podem movimentar o valor digitalmente pelo Internet Banking ou mesmo utilizando o cart\u00e3o de d\u00e9bito em suas compras. Os benefici\u00e1rios do Bolsa Fam\u00edlia aptos para o aux\u00edlio recebem o cr\u00e9dito no mesmo calend\u00e1rio e na mesma forma do benef\u00edcio regular, por meio do cart\u00e3o Bolsa Fam\u00edlia nos canais de autoatendimento, lot\u00e9ricas e correspondentes \u201cCaixa Aqui\u201d; ou por cr\u00e9dito na conta \u201cCaixa F\u00e1cil\u201d.<\/p>\n\n\n\n<p>Para quem busca informa\u00e7\u00f5es sobre o cadastro, os canais s\u00e3o o site auxilio.caixa.gov.br, o app Caixa | Aux\u00edlio Emergencial e a central telef\u00f4nica exclusiva 111.<\/p>\n\n\n\n<h2 class=\"wp-block-heading\">Hist\u00f3rico<\/h2>\n\n\n\n<p>Desde o dia 9 de abril, quando teve in\u00edcio o pagamento, 50 milh\u00f5es de brasileiros j\u00e1 receberam o cr\u00e9dito do benef\u00edcio, ou seja, um em cada tr\u00eas brasileiros adultos. Ao todo, mais de R$ 35 bilh\u00f5es j\u00e1 foram creditados.<\/p>\n\n\n\n<p>Segundo a Caixa, at\u00e9 18h ontem (2), 50,2 milh\u00f5es de cidad\u00e3os se cadastraram para solicitar o benef\u00edcio. O site auxilio.caixa.gov.br superou a marca de 606 milh\u00f5es de visitas e a central exclusiva 111 registra mais de 115 milh\u00f5es de liga\u00e7\u00f5es. O aplicativo Aux\u00edlio Emergencial Caixa j\u00e1 registrou 74,3 milh\u00f5es de downloads e o aplicativo Caixa Tem, para movimenta\u00e7\u00e3o da poupan\u00e7a digital, ultrapassou 77 milh\u00f5es de downloads.<\/p>\n\n\n\n<p><em>Ag\u00eancia Brasil<\/em><\/p>\n","protected":false},"excerpt":{"rendered":"<p>A partir desta segunda-feira (4) a Caixa vai antecipar em duas horas a abertura de todas as&nbsp;ag\u00eancias do&nbsp;pa\u00eds. Com a mudan\u00e7a \u2013 pensada para agilizar&hellip; <\/p>\n","protected":false},"author":2,"featured_media":167043,"comment_status":"closed","ping_status":"closed","sticky":false,"template":"","format":"standard","meta":{"sfsi_plus_gutenberg_text_before_share":"","sfsi_plus_gutenberg_show_text_before_share":"","sfsi_plus_gutenberg_icon_type":"","sfsi_plus_gutenberg_icon_alignemt":"","sfsi_plus_gutenburg_max_per_row":"","footnotes":""},"categories":[6],"tags":[],"class_list":["post-167261","post","type-post","status-publish","format-standard","has-post-thumbnail","hentry","category-cidades"],"_links":{"self":[{"href":"https:\/\/www.caririemacao.com\/1\/wp-json\/wp\/v2\/posts\/167261","targetHints":{"allow":["GET"]}}],"collection":[{"href":"https:\/\/www.caririemacao.com\/1\/wp-json\/wp\/v2\/posts"}],"about":[{"href":"https:\/\/www.caririemacao.com\/1\/wp-json\/wp\/v2\/types\/post"}],"author":[{"embeddable":true,"href":"https:\/\/www.caririemacao.com\/1\/wp-json\/wp\/v2\/users\/2"}],"replies":[{"embeddable":true,"href":"https:\/\/www.caririemacao.com\/1\/wp-json\/wp\/v2\/comments?post=167261"}],"version-history":[{"count":1,"href":"https:\/\/www.caririemacao.com\/1\/wp-json\/wp\/v2\/posts\/167261\/revisions"}],"predecessor-version":[{"id":167262,"href":"https:\/\/www.caririemacao.com\/1\/wp-json\/wp\/v2\/posts\/167261\/revisions\/167262"}],"wp:featuredmedia":[{"embeddable":true,"href":"https:\/\/www.caririemacao.com\/1\/wp-json\/wp\/v2\/media\/167043"}],"wp:attachment":[{"href":"https:\/\/www.caririemacao.com\/1\/wp-json\/wp\/v2\/media?parent=167261"}],"wp:term":[{"taxonomy":"category","embeddable":true,"href":"https:\/\/www.caririemacao.com\/1\/wp-json\/wp\/v2\/categories?post=167261"},{"taxonomy":"post_tag","embeddable":true,"href":"https:\/\/www.caririemacao.com\/1\/wp-json\/wp\/v2\/tags?post=167261"}],"curies":[{"name":"wp","href":"https:\/\/api.w.org\/{rel}","templated":true}]}}