{"id":167264,"date":"2020-05-04T06:36:04","date_gmt":"2020-05-04T09:36:04","guid":{"rendered":"https:\/\/www.caririemacao.com\/1\/?p=167264"},"modified":"2020-05-04T06:36:07","modified_gmt":"2020-05-04T09:36:07","slug":"taperoaense-morre-de-acidente-de-moto-na-br-230-em-soledade","status":"publish","type":"post","link":"https:\/\/www.caririemacao.com\/1\/2020\/05\/04\/taperoaense-morre-de-acidente-de-moto-na-br-230-em-soledade\/","title":{"rendered":"Taperoaense morre de acidente de moto na BR 230 em Soledade"},"content":{"rendered":"\n<figure class=\"wp-block-image\"><a href=\"https:\/\/www.helenolima.com\/wp-content\/uploads\/2020\/05\/20200504_001315.jpg\"><img decoding=\"async\" data-src=\"https:\/\/www.helenolima.com\/wp-content\/uploads\/2020\/05\/20200504_001315.jpg\" alt=\"\" title=\"20200504_001315\" src=\"data:image\/svg+xml;base64,PHN2ZyB3aWR0aD0iMSIgaGVpZ2h0PSIxIiB4bWxucz0iaHR0cDovL3d3dy53My5vcmcvMjAwMC9zdmciPjwvc3ZnPg==\" class=\"lazyload\" \/><\/a><\/figure>\n\n\n\n<p><\/p>\n\n\n\n<p>Um homem identificado\u00a0 como Afonso Oliveira, morreu na noite deste domingo (3) na BR 230, sa\u00edda de Soledade para Juazeirinho.<\/p>\n\n\n\n<p>Ele seguia em uma motocicleta de cor vermelha e foi encontrado ca\u00eddo as margens da rodovia com m\u00faltiplas fraturas e o motociclos ao lado.<\/p>\n\n\n\n<div class=\"wp-block-image\"><figure class=\"aligncenter\"><img decoding=\"async\" data-src=\"https:\/\/www.helenolima.com\/wp-content\/uploads\/2020\/05\/IMG-20200504-WA0011-241x300.jpg\" alt=\"\" class=\"wp-image-8830 lazyload\" src=\"data:image\/svg+xml;base64,PHN2ZyB3aWR0aD0iMSIgaGVpZ2h0PSIxIiB4bWxucz0iaHR0cDovL3d3dy53My5vcmcvMjAwMC9zdmciPjwvc3ZnPg==\" style=\"--smush-placeholder-width: 241px; --smush-placeholder-aspect-ratio: 241\/300;\" \/><\/figure><\/div>\n\n\n\n<p>No entanto, o&nbsp;<strong>helenolima.com<\/strong>&nbsp;n\u00e3o conseguiu apurar as consequ\u00eancias do acidente.<\/p>\n\n\n\n<p>Ou seja, se Afonso, que usava capacete, teria ca\u00eddo da motocicleta ou se teria sido atropelado por algum ve\u00edculo.<\/p>\n\n\n\n<p>Ele era natural de Tapero\u00e1, mas residia em Soledade h\u00e1 cerca de tr\u00eas anos, juntamente com outros dois irm\u00e3os.<\/p>\n\n\n\n<p>Afonso era filho da senhora, Maria Vi\u00fava, residente no assentamento Jos\u00e9 Moreira da Silva, comunidade localizada as margens da PB 238, zona norte de Tapero\u00e1.<\/p>\n\n\n\n<p>O corpo foi recolhido ao Instituto de Pol\u00edcia Cient\u00edfica (IPC) para necropsia.<\/p>\n","protected":false},"excerpt":{"rendered":"<p>Um homem identificado\u00a0 como Afonso Oliveira, morreu na noite deste domingo (3) na BR 230, sa\u00edda de Soledade para Juazeirinho. Ele seguia em uma motocicleta&hellip; <\/p>\n","protected":false},"author":2,"featured_media":167265,"comment_status":"closed","ping_status":"closed","sticky":false,"template":"","format":"standard","meta":{"sfsi_plus_gutenberg_text_before_share":"","sfsi_plus_gutenberg_show_text_before_share":"","sfsi_plus_gutenberg_icon_type":"","sfsi_plus_gutenberg_icon_alignemt":"","sfsi_plus_gutenburg_max_per_row":"","footnotes":""},"categories":[12],"tags":[],"class_list":["post-167264","post","type-post","status-publish","format-standard","has-post-thumbnail","hentry","category-policia"],"_links":{"self":[{"href":"https:\/\/www.caririemacao.com\/1\/wp-json\/wp\/v2\/posts\/167264","targetHints":{"allow":["GET"]}}],"collection":[{"href":"https:\/\/www.caririemacao.com\/1\/wp-json\/wp\/v2\/posts"}],"about":[{"href":"https:\/\/www.caririemacao.com\/1\/wp-json\/wp\/v2\/types\/post"}],"author":[{"embeddable":true,"href":"https:\/\/www.caririemacao.com\/1\/wp-json\/wp\/v2\/users\/2"}],"replies":[{"embeddable":true,"href":"https:\/\/www.caririemacao.com\/1\/wp-json\/wp\/v2\/comments?post=167264"}],"version-history":[{"count":1,"href":"https:\/\/www.caririemacao.com\/1\/wp-json\/wp\/v2\/posts\/167264\/revisions"}],"predecessor-version":[{"id":167266,"href":"https:\/\/www.caririemacao.com\/1\/wp-json\/wp\/v2\/posts\/167264\/revisions\/167266"}],"wp:featuredmedia":[{"embeddable":true,"href":"https:\/\/www.caririemacao.com\/1\/wp-json\/wp\/v2\/media\/167265"}],"wp:attachment":[{"href":"https:\/\/www.caririemacao.com\/1\/wp-json\/wp\/v2\/media?parent=167264"}],"wp:term":[{"taxonomy":"category","embeddable":true,"href":"https:\/\/www.caririemacao.com\/1\/wp-json\/wp\/v2\/categories?post=167264"},{"taxonomy":"post_tag","embeddable":true,"href":"https:\/\/www.caririemacao.com\/1\/wp-json\/wp\/v2\/tags?post=167264"}],"curies":[{"name":"wp","href":"https:\/\/api.w.org\/{rel}","templated":true}]}}