{"id":167268,"date":"2020-05-04T06:38:09","date_gmt":"2020-05-04T09:38:09","guid":{"rendered":"https:\/\/www.caririemacao.com\/1\/?p=167268"},"modified":"2020-05-04T06:38:11","modified_gmt":"2020-05-04T09:38:11","slug":"confirmados-mais-tres-casos-do-coronavirus-em-taperoa","status":"publish","type":"post","link":"https:\/\/www.caririemacao.com\/1\/2020\/05\/04\/confirmados-mais-tres-casos-do-coronavirus-em-taperoa\/","title":{"rendered":"Confirmados mais tr\u00eas casos do coronav\u00edrus em Tapero\u00e1"},"content":{"rendered":"\n<div class=\"wp-block-image\"><figure class=\"aligncenter\"><a href=\"http:\/\/noticiasemdestaque.com\/cd\/wp-content\/uploads\/2020\/02\/Coronavirus-1.jpg\"><img decoding=\"async\" data-src=\"http:\/\/noticiasemdestaque.com\/cd\/wp-content\/uploads\/2020\/02\/Coronavirus-1.jpg\" alt=\"\" class=\"wp-image-23225 lazyload\" src=\"data:image\/svg+xml;base64,PHN2ZyB3aWR0aD0iMSIgaGVpZ2h0PSIxIiB4bWxucz0iaHR0cDovL3d3dy53My5vcmcvMjAwMC9zdmciPjwvc3ZnPg==\" \/><\/a><\/figure><\/div>\n\n\n\n<p><\/p>\n\n\n\n<p>O governo do estado da Para\u00edba divulgou neste domingo (03), os dados epidemiol\u00f3gicos do covid-19. Mais tr\u00eas casos do coronav\u00edrus foram confirmados em Tapero\u00e1, o munic\u00edpio j\u00e1 contabiliza cinco casos, sendo que uma crian\u00e7a veio a \u00f3bito.<\/p>\n\n\n\n<p>Confira a rela\u00e7\u00e3o de n\u00fameros de casos no Casos no Cariri paraibano:<\/p>\n\n\n\n<ul class=\"wp-block-list\"><li>Tapero\u00e1 5 casos confirmados<\/li><li>Coxixola 3 casos confirmados<\/li><li>Monteiro 2 casos confirmados<\/li><li>Serra Branca 1 caso confirmado<\/li><li>Congo 1 caso confirmado<\/li><\/ul>\n\n\n\n<p>A Para\u00edba tem 1219 casos confirmados do coronav\u00edrus sendo 79 mortes, com uma taxa de letalidade de 6,5%. Brasil ultrapassa 100 mil casos confirmados de covid-19, o pa\u00eds registra 7.025 mortes em decorr\u00eancia do novo coronav\u00edrus.<\/p>\n","protected":false},"excerpt":{"rendered":"<p>O governo do estado da Para\u00edba divulgou neste domingo (03), os dados epidemiol\u00f3gicos do covid-19. Mais tr\u00eas casos do coronav\u00edrus foram confirmados em Tapero\u00e1, o&hellip; <\/p>\n","protected":false},"author":2,"featured_media":164458,"comment_status":"closed","ping_status":"closed","sticky":false,"template":"","format":"standard","meta":{"sfsi_plus_gutenberg_text_before_share":"","sfsi_plus_gutenberg_show_text_before_share":"","sfsi_plus_gutenberg_icon_type":"","sfsi_plus_gutenberg_icon_alignemt":"","sfsi_plus_gutenburg_max_per_row":"","footnotes":""},"categories":[6],"tags":[],"class_list":["post-167268","post","type-post","status-publish","format-standard","has-post-thumbnail","hentry","category-cidades"],"_links":{"self":[{"href":"https:\/\/www.caririemacao.com\/1\/wp-json\/wp\/v2\/posts\/167268","targetHints":{"allow":["GET"]}}],"collection":[{"href":"https:\/\/www.caririemacao.com\/1\/wp-json\/wp\/v2\/posts"}],"about":[{"href":"https:\/\/www.caririemacao.com\/1\/wp-json\/wp\/v2\/types\/post"}],"author":[{"embeddable":true,"href":"https:\/\/www.caririemacao.com\/1\/wp-json\/wp\/v2\/users\/2"}],"replies":[{"embeddable":true,"href":"https:\/\/www.caririemacao.com\/1\/wp-json\/wp\/v2\/comments?post=167268"}],"version-history":[{"count":1,"href":"https:\/\/www.caririemacao.com\/1\/wp-json\/wp\/v2\/posts\/167268\/revisions"}],"predecessor-version":[{"id":167269,"href":"https:\/\/www.caririemacao.com\/1\/wp-json\/wp\/v2\/posts\/167268\/revisions\/167269"}],"wp:featuredmedia":[{"embeddable":true,"href":"https:\/\/www.caririemacao.com\/1\/wp-json\/wp\/v2\/media\/164458"}],"wp:attachment":[{"href":"https:\/\/www.caririemacao.com\/1\/wp-json\/wp\/v2\/media?parent=167268"}],"wp:term":[{"taxonomy":"category","embeddable":true,"href":"https:\/\/www.caririemacao.com\/1\/wp-json\/wp\/v2\/categories?post=167268"},{"taxonomy":"post_tag","embeddable":true,"href":"https:\/\/www.caririemacao.com\/1\/wp-json\/wp\/v2\/tags?post=167268"}],"curies":[{"name":"wp","href":"https:\/\/api.w.org\/{rel}","templated":true}]}}