{"id":167274,"date":"2020-05-04T06:52:27","date_gmt":"2020-05-04T09:52:27","guid":{"rendered":"https:\/\/www.caririemacao.com\/1\/?p=167274"},"modified":"2020-05-04T06:52:29","modified_gmt":"2020-05-04T09:52:29","slug":"bolsonaro-encontra-apoiadores-e-culpa-governadores-por-crise","status":"publish","type":"post","link":"https:\/\/www.caririemacao.com\/1\/2020\/05\/04\/bolsonaro-encontra-apoiadores-e-culpa-governadores-por-crise\/","title":{"rendered":"Bolsonaro encontra apoiadores e culpa governadores por crise"},"content":{"rendered":"\n<div class=\"wp-block-image\"><figure class=\"aligncenter\"><img decoding=\"async\" data-src=\"https:\/\/opipoco.com.br\/wp-content\/uploads\/2020\/05\/pessoas.jpeg\" alt=\"pessoas Bolsonaro encontra apoiadores e culpa governadores por crise\" class=\"wp-image-88630 lazyload\" title=\"pessoas Bolsonaro encontra apoiadores e culpa governadores por crise\" src=\"data:image\/svg+xml;base64,PHN2ZyB3aWR0aD0iMSIgaGVpZ2h0PSIxIiB4bWxucz0iaHR0cDovL3d3dy53My5vcmcvMjAwMC9zdmciPjwvc3ZnPg==\" \/><\/figure><\/div>\n\n\n\n<p><\/p>\n\n\n\n<p>O presidente Jair Bolsonaro (sem partido) voltou a criticar o isolamento social e a culpar governadores pela crise econ\u00f4mica gerada pela pandemia do novo coronav\u00edrus ao encontrar apoiadores em frente ao Pal\u00e1cio do Planalto neste domingo (3).<\/p>\n\n\n\n<p>Sem m\u00e1scara, mas distante da multid\u00e3o, na rampa do pal\u00e1cio, Bolsonaro, abra\u00e7ado a sua filha, Laura, repetiu que muitos querem voltar ao trabalho. \u201cO Brasil como um todo reclama volta ao trabalho. Essa destrui\u00e7\u00e3o de empregos irrespons\u00e1vel por parte de alguns governadores \u00e9 inadmiss\u00edvel\u201d, disse em v\u00eddeo ao vivo por uma de suas redes sociais.<\/p>\n\n\n\n<p>\u201cO pre\u00e7o vai ser muito alto na frente: fome, desemprego, mis\u00e9ria.<br>Isso n\u00e3o \u00e9 bom\u201d, continuou. O presidente fez alertas sobre a covid-19, mas ressaltou que o efeito colateral de combate \u00e0 pandemia n\u00e3o pode ser \u201cpior que os efeitos do v\u00edrus\u201d.<\/p>\n\n\n\n<p>\u201cInfelizmente, muitos ser\u00e3o infectados, infelizmente, muitos perder\u00e3o suas vidas tamb\u00e9m. Mas \u00e9 uma realidade que temos que enfrentar\u201d, disse o presidente.<\/p>\n\n\n\n<p>Depois de alguns minutos o presidente desceu a rampa e se aproximou da grade que continha a multid\u00e3o de apoiadores, a maior parte deles sem m\u00e1scara e aos gritos de \u201cmito\u201d. A equipe que acompanha Bolsonaro, bem como sua filha, tamb\u00e9m nao usa m\u00e1scaras.<\/p>\n\n\n\n<p>R7<\/p>\n","protected":false},"excerpt":{"rendered":"<p>O presidente Jair Bolsonaro (sem partido) voltou a criticar o isolamento social e a culpar governadores pela crise econ\u00f4mica gerada pela pandemia do novo coronav\u00edrus&hellip; <\/p>\n","protected":false},"author":2,"featured_media":167276,"comment_status":"closed","ping_status":"closed","sticky":false,"template":"","format":"standard","meta":{"sfsi_plus_gutenberg_text_before_share":"","sfsi_plus_gutenberg_show_text_before_share":"","sfsi_plus_gutenberg_icon_type":"","sfsi_plus_gutenberg_icon_alignemt":"","sfsi_plus_gutenburg_max_per_row":"","footnotes":""},"categories":[50,11],"tags":[],"class_list":["post-167274","post","type-post","status-publish","format-standard","has-post-thumbnail","hentry","category-destaque","category-politica"],"_links":{"self":[{"href":"https:\/\/www.caririemacao.com\/1\/wp-json\/wp\/v2\/posts\/167274","targetHints":{"allow":["GET"]}}],"collection":[{"href":"https:\/\/www.caririemacao.com\/1\/wp-json\/wp\/v2\/posts"}],"about":[{"href":"https:\/\/www.caririemacao.com\/1\/wp-json\/wp\/v2\/types\/post"}],"author":[{"embeddable":true,"href":"https:\/\/www.caririemacao.com\/1\/wp-json\/wp\/v2\/users\/2"}],"replies":[{"embeddable":true,"href":"https:\/\/www.caririemacao.com\/1\/wp-json\/wp\/v2\/comments?post=167274"}],"version-history":[{"count":1,"href":"https:\/\/www.caririemacao.com\/1\/wp-json\/wp\/v2\/posts\/167274\/revisions"}],"predecessor-version":[{"id":167275,"href":"https:\/\/www.caririemacao.com\/1\/wp-json\/wp\/v2\/posts\/167274\/revisions\/167275"}],"wp:featuredmedia":[{"embeddable":true,"href":"https:\/\/www.caririemacao.com\/1\/wp-json\/wp\/v2\/media\/167276"}],"wp:attachment":[{"href":"https:\/\/www.caririemacao.com\/1\/wp-json\/wp\/v2\/media?parent=167274"}],"wp:term":[{"taxonomy":"category","embeddable":true,"href":"https:\/\/www.caririemacao.com\/1\/wp-json\/wp\/v2\/categories?post=167274"},{"taxonomy":"post_tag","embeddable":true,"href":"https:\/\/www.caririemacao.com\/1\/wp-json\/wp\/v2\/tags?post=167274"}],"curies":[{"name":"wp","href":"https:\/\/api.w.org\/{rel}","templated":true}]}}