{"id":167284,"date":"2020-05-04T07:27:45","date_gmt":"2020-05-04T10:27:45","guid":{"rendered":"https:\/\/www.caririemacao.com\/1\/?p=167284"},"modified":"2020-05-04T07:27:47","modified_gmt":"2020-05-04T10:27:47","slug":"secretaria-de-saude-de-amparo-instala-barreira-sanitaria-na-entrada-do-municipio-2","status":"publish","type":"post","link":"https:\/\/www.caririemacao.com\/1\/2020\/05\/04\/secretaria-de-saude-de-amparo-instala-barreira-sanitaria-na-entrada-do-municipio-2\/","title":{"rendered":"Secretaria de Sa\u00fade de Amparo instala barreira sanit\u00e1ria na entrada do munic\u00edpio"},"content":{"rendered":"\n<h1 class=\"wp-block-heading\"><\/h1>\n\n\n\n<p><\/p>\n\n\n\n<div class=\"wp-block-image\"><figure class=\"aligncenter\"><a href=\"http:\/\/noticiasemdestaque.com\/cd\/wp-content\/uploads\/2020\/05\/BARREIRA-DE-VIGIL%C3%82NCIA-18.jpg\"><img decoding=\"async\" data-src=\"http:\/\/noticiasemdestaque.com\/cd\/wp-content\/uploads\/2020\/05\/BARREIRA-DE-VIGIL%C3%82NCIA-18.jpg\" alt=\"\" class=\"wp-image-24641 lazyload\" src=\"data:image\/svg+xml;base64,PHN2ZyB3aWR0aD0iMSIgaGVpZ2h0PSIxIiB4bWxucz0iaHR0cDovL3d3dy53My5vcmcvMjAwMC9zdmciPjwvc3ZnPg==\" \/><\/a><\/figure><\/div>\n\n\n\n<p>A Secretaria Municipal de Sa\u00fade de Amparo instalou nessa quinta-feira (30) uma Barreira Sanit\u00e1ria na entrada da cidade, sentido PB-248, a a\u00e7\u00e3o se deu devido \u00e0 realiza\u00e7\u00e3o de um processo licitat\u00f3rio que foi realizado hoje no munic\u00edpio, controlando o fluxo e tendo um controle dos visitantes que entram e saem da cidade.<\/p>\n\n\n\n<p>A a\u00e7\u00e3o, contou com uma equipe composta por profissionais devidamente capacitados, que realizaram a abordagem aos ve\u00edculos que se dirigiram a cidade, trazendo orienta\u00e7\u00f5es sobre as formas de preven\u00e7\u00e3o ao Coronav\u00edrus, fazendo a desinfec\u00e7\u00e3o dos pneus, distribui\u00e7\u00e3o de m\u00e1scaras e realizando aferi\u00e7\u00e3o de temperatura corporal.<\/p>\n\n\n\n<p><em>\u201cEssa \u00e9 mais uma medida tomada pela gest\u00e3o, como forma de proteger a popula\u00e7\u00e3o Amparense e tamb\u00e9m aqueles que por ventura venham visitar nossa cidade durante essa pandemia que atinge todo o mundo, hoje, principalmente, que recebemos pessoas de v\u00e1rias cidades, n\u00e3o poder\u00edamos deixar de fazer algo, \u00e9 nosso dever e estamos fazendo tudo que est\u00e1 ao nosso alcance para proteger nossa cidade\u201d<\/em>\u00a0disse a Secret\u00e1ria Ver\u00f4nica Rafael.<\/p>\n\n\n\n<p>Amparo ligado<\/p>\n","protected":false},"excerpt":{"rendered":"<p>A Secretaria Municipal de Sa\u00fade de Amparo instalou nessa quinta-feira (30) uma Barreira Sanit\u00e1ria na entrada da cidade, sentido PB-248, a a\u00e7\u00e3o se deu devido&hellip; <\/p>\n","protected":false},"author":2,"featured_media":167285,"comment_status":"closed","ping_status":"closed","sticky":false,"template":"","format":"standard","meta":{"sfsi_plus_gutenberg_text_before_share":"","sfsi_plus_gutenberg_show_text_before_share":"","sfsi_plus_gutenberg_icon_type":"","sfsi_plus_gutenberg_icon_alignemt":"","sfsi_plus_gutenburg_max_per_row":"","footnotes":""},"categories":[50,2],"tags":[],"class_list":["post-167284","post","type-post","status-publish","format-standard","has-post-thumbnail","hentry","category-destaque","category-geral"],"_links":{"self":[{"href":"https:\/\/www.caririemacao.com\/1\/wp-json\/wp\/v2\/posts\/167284","targetHints":{"allow":["GET"]}}],"collection":[{"href":"https:\/\/www.caririemacao.com\/1\/wp-json\/wp\/v2\/posts"}],"about":[{"href":"https:\/\/www.caririemacao.com\/1\/wp-json\/wp\/v2\/types\/post"}],"author":[{"embeddable":true,"href":"https:\/\/www.caririemacao.com\/1\/wp-json\/wp\/v2\/users\/2"}],"replies":[{"embeddable":true,"href":"https:\/\/www.caririemacao.com\/1\/wp-json\/wp\/v2\/comments?post=167284"}],"version-history":[{"count":1,"href":"https:\/\/www.caririemacao.com\/1\/wp-json\/wp\/v2\/posts\/167284\/revisions"}],"predecessor-version":[{"id":167286,"href":"https:\/\/www.caririemacao.com\/1\/wp-json\/wp\/v2\/posts\/167284\/revisions\/167286"}],"wp:featuredmedia":[{"embeddable":true,"href":"https:\/\/www.caririemacao.com\/1\/wp-json\/wp\/v2\/media\/167285"}],"wp:attachment":[{"href":"https:\/\/www.caririemacao.com\/1\/wp-json\/wp\/v2\/media?parent=167284"}],"wp:term":[{"taxonomy":"category","embeddable":true,"href":"https:\/\/www.caririemacao.com\/1\/wp-json\/wp\/v2\/categories?post=167284"},{"taxonomy":"post_tag","embeddable":true,"href":"https:\/\/www.caririemacao.com\/1\/wp-json\/wp\/v2\/tags?post=167284"}],"curies":[{"name":"wp","href":"https:\/\/api.w.org\/{rel}","templated":true}]}}