{"id":167296,"date":"2020-05-04T07:41:39","date_gmt":"2020-05-04T10:41:39","guid":{"rendered":"https:\/\/www.caririemacao.com\/1\/?p=167296"},"modified":"2020-05-04T07:41:40","modified_gmt":"2020-05-04T10:41:40","slug":"prf-na-paraiba-recupera-caminhao-e-carga-avaliada-em-r-700-mil","status":"publish","type":"post","link":"https:\/\/www.caririemacao.com\/1\/2020\/05\/04\/prf-na-paraiba-recupera-caminhao-e-carga-avaliada-em-r-700-mil\/","title":{"rendered":"PRF na Para\u00edba recupera caminh\u00e3o e carga avaliada em R$ 700 mil"},"content":{"rendered":"\n<h1 class=\"wp-block-heading\"><\/h1>\n\n\n\n<div class=\"wp-block-image\"><figure class=\"aligncenter\"><img decoding=\"async\" data-src=\"http:\/\/deolhonocariri.com.br\/wp-content\/uploads\/2020\/05\/52eb7bf4-e049-4542-a321-d25c66ae36d4.jpg\" alt=\"\" class=\"wp-image-81796 lazyload\" src=\"data:image\/svg+xml;base64,PHN2ZyB3aWR0aD0iMSIgaGVpZ2h0PSIxIiB4bWxucz0iaHR0cDovL3d3dy53My5vcmcvMjAwMC9zdmciPjwvc3ZnPg==\" \/><\/figure><\/div>\n\n\n\n<p>A carga de leite em p\u00f3 \u00e9 avaliada em R$ 700 mil e foi roubada em Jaboat\u00e3o dos Guararapes na madrugada deste domingo<\/p>\n\n\n\n<p>A Pol\u00edcia Rodovi\u00e1ria Federal na Para\u00edba recuperou uma carreta com carga de leite em p\u00f3 roubada em Pernambuco. A carga \u00e9 avaliada em R$ 700 mil. A a\u00e7\u00e3o ocorreu nas proximidades da barreira sanit\u00e1ria de enfrentamento ao COVID-19 na divisa da Para\u00edba com Pernambuco. A a\u00e7\u00e3o faz parte da Opera\u00e7\u00e3o Tup\u00e3, iniciada em todo pa\u00eds na \u00faltima quinta-feira (30) que visa intensificar as a\u00e7\u00f5es de combate ao crime nas rodovias federais.<\/p>\n\n\n\n<p>Policiais Rodovi\u00e1rios Federais realizavam os trabalhos na barreira sanit\u00e1ria de enfrentamento ao COVID-19 no munic\u00edpio de Caapor\u00e3, divisa com Pernambuco, quando foram informados por pessoas que passavam pelo local que havia uma carreta de cor azul parada nas proximidades da barreira com homens que pareciam estar armados. Os policiais se deslocaram at\u00e9 o local e avistaram a carreta e homens correndo para o matagal.<\/p>\n\n\n\n<p>Ao chegar no local os policiais constataram que tratava-se de uma carreta roubada em Jaboat\u00e3o dos Guararapes na madrugada de hoje. A carreta transportava 28 toneladas de leite em p\u00f3 avalizadas em R$ 700 mil reais. Os homens que estavam com o caminh\u00e3o fugiram e abandonaram a carreta com a aproxima\u00e7\u00e3o dos policiais.<\/p>\n\n\n\n<p>A carreta e a carga foram encaminhadas para a Pol\u00edcia Civil. H\u00e1 menos de 15 dias a PRF recuperou duas carretas roubadas em Alcantil transportando leite em p\u00f3 com a carga avaliada em R$ 1 milh\u00e3o de reais.<\/p>\n","protected":false},"excerpt":{"rendered":"<p>A carga de leite em p\u00f3 \u00e9 avaliada em R$ 700 mil e foi roubada em Jaboat\u00e3o dos Guararapes na madrugada deste domingo A Pol\u00edcia&hellip; <\/p>\n","protected":false},"author":2,"featured_media":167297,"comment_status":"closed","ping_status":"closed","sticky":false,"template":"","format":"standard","meta":{"sfsi_plus_gutenberg_text_before_share":"","sfsi_plus_gutenberg_show_text_before_share":"","sfsi_plus_gutenberg_icon_type":"","sfsi_plus_gutenberg_icon_alignemt":"","sfsi_plus_gutenburg_max_per_row":"","footnotes":""},"categories":[2],"tags":[],"class_list":["post-167296","post","type-post","status-publish","format-standard","has-post-thumbnail","hentry","category-geral"],"_links":{"self":[{"href":"https:\/\/www.caririemacao.com\/1\/wp-json\/wp\/v2\/posts\/167296","targetHints":{"allow":["GET"]}}],"collection":[{"href":"https:\/\/www.caririemacao.com\/1\/wp-json\/wp\/v2\/posts"}],"about":[{"href":"https:\/\/www.caririemacao.com\/1\/wp-json\/wp\/v2\/types\/post"}],"author":[{"embeddable":true,"href":"https:\/\/www.caririemacao.com\/1\/wp-json\/wp\/v2\/users\/2"}],"replies":[{"embeddable":true,"href":"https:\/\/www.caririemacao.com\/1\/wp-json\/wp\/v2\/comments?post=167296"}],"version-history":[{"count":1,"href":"https:\/\/www.caririemacao.com\/1\/wp-json\/wp\/v2\/posts\/167296\/revisions"}],"predecessor-version":[{"id":167298,"href":"https:\/\/www.caririemacao.com\/1\/wp-json\/wp\/v2\/posts\/167296\/revisions\/167298"}],"wp:featuredmedia":[{"embeddable":true,"href":"https:\/\/www.caririemacao.com\/1\/wp-json\/wp\/v2\/media\/167297"}],"wp:attachment":[{"href":"https:\/\/www.caririemacao.com\/1\/wp-json\/wp\/v2\/media?parent=167296"}],"wp:term":[{"taxonomy":"category","embeddable":true,"href":"https:\/\/www.caririemacao.com\/1\/wp-json\/wp\/v2\/categories?post=167296"},{"taxonomy":"post_tag","embeddable":true,"href":"https:\/\/www.caririemacao.com\/1\/wp-json\/wp\/v2\/tags?post=167296"}],"curies":[{"name":"wp","href":"https:\/\/api.w.org\/{rel}","templated":true}]}}