{"id":167306,"date":"2020-05-04T07:49:23","date_gmt":"2020-05-04T10:49:23","guid":{"rendered":"https:\/\/www.caririemacao.com\/1\/?p=167306"},"modified":"2020-05-04T07:49:24","modified_gmt":"2020-05-04T10:49:24","slug":"pb-reduz-sequencia-de-casos-confirmados-da-covid-em-24h-227-estao-recuperadas","status":"publish","type":"post","link":"https:\/\/www.caririemacao.com\/1\/2020\/05\/04\/pb-reduz-sequencia-de-casos-confirmados-da-covid-em-24h-227-estao-recuperadas\/","title":{"rendered":"PB reduz sequ\u00eancia de casos confirmados da Covid em 24h; 227 est\u00e3o recuperadas"},"content":{"rendered":"\n<h1 class=\"wp-block-heading\"><\/h1>\n\n\n\n<p><\/p>\n\n\n\n<p>A Secretaria de Estado da Sa\u00fade divulgou boletim atualizado dos casos do novo coronav\u00edrus. Neste domingo, 03 de maio, a Para\u00edba atingiu 1219, sendo 50 a mais que os registrados no s\u00e1bado. A sequ\u00eancia de casos confirmados em 24 horas, do dia 29 de abril at\u00e9 02 de maio, eram superiores a 100, nesta ordem: 29\/04 \u2013 115 casos; 30\/04 \u2013 112 casos; 01\/05 \u2013 108 e 02\/05 \u2013 135.<\/p>\n\n\n\n<p>At\u00e9 a data s\u00e3o 79 mortes confirmadas e 277 pessoas j\u00e1 se recuperaram, conforme informa\u00e7\u00f5es das Secretarias Municipais de Sa\u00fade. Outros 1957 casos investigados j\u00e1 foram descartados para Covid-19 e dos 370 leitos de UTI previstos no plano de conting\u00eancia para Coronav\u00edrus, 171 j\u00e1 est\u00e3o ativos, sendo 50% deles ocupados.<\/p>\n\n\n\n<p>&nbsp;Os casos confirmados est\u00e3o em 65 munic\u00edpios paraibanos:<\/p>\n\n\n\n<p>Alagoa Grande (2); Alagoa Nova (1); Alhandra (7); Ara\u00e7agi (1); Areia (1); Barra de S\u00e3o Miguel (1); Bayeux (43); Bom Jesus (1); Boqueir\u00e3o (1); Brejo do Cruz (1); Caapor\u00e3 (3); Cabedelo (39); Cai\u00e7ara (1); Cajazeiras (10); Campina Grande (62); Casserengue (1); Catingueira (1); Conde (17); Congo (1); Coremas (1); Coxixola (3); Cruz do Esp\u00edrito Santo (4); Esperan\u00e7a (2); Guarabira (21); Gurinhem (1); Igaracy (1); Imaculada (3); Itabaiana (2); Itaporanga (1); Itapororoca (3); Jo\u00e3o Pessoa (711); Junco do Serid\u00f3 (3); Lagoa Seca (2); Lucena (5); Mamanguape (1); Mari (8); Mariz\u00f3polis (3); Monteiro (1); Mulungu (3); Patos (24); Pedras de Fogo (9); Pianc\u00f3 (1); Pilar (1); Pil\u00f5ezinhos (2); Pitimbu (2); Pombal (2); Princesa Isabel (1); Queimadas (2); Riach\u00e3o Po\u00e7o (1); Riacho dos Cavalos (1); Rio Tinto (4); Santa Helena (1); Santa Rita (111); S\u00e3o Bento (5); S\u00e3o Jo\u00e3o do Rio do Peixe (6); S\u00e3o Jos\u00e9 de Espinharas (1); S\u00e3o Jos\u00e9 de Piranhas (1); S\u00e3o Jos\u00e9 do Bonfim (1); Sap\u00e9 (45); Serra Branca (1); Serra da Ra\u00edz (1); Serra Redonda (1); Sousa (15); Tapero\u00e1 (5); Umbuzeiro (2).<\/p>\n\n\n\n<p>Nas \u00faltimas 24 horas, ocorreram tr\u00eas \u00f3bitos, sendo:<\/p>\n\n\n\n<p>\u2013 Idoso de 69 anos, portador de Hepatopatia Cr\u00f4nica. Residia em Santa Rita e teve in\u00edcio dos sintomas no dia 26 de abril. Foi atendido em hospital p\u00fablico e faleceu no s\u00e1bado 02 de maio.<\/p>\n\n\n\n<p>\u2013 O segundo caso de morte tamb\u00e9m se trata de um idoso de 61 anos.&nbsp; Tinha como comorbidade Doen\u00e7a Cardiovascular, Hipertens\u00e3o e Etilista. Morava em Jo\u00e3o Pessoa e teve in\u00edcio dos sintomas no 09 de abril. Foi atendido em hospital p\u00fablico e faleceu neste domingo, 03.<\/p>\n\n\n\n<p>\u2013 O terceiro caso tamb\u00e9m foi um homem de 51 anos. Morava em Jo\u00e3o Pessoa era cardiopata e teve in\u00edcio dos sintomas no dia 26 passado. Foi atendido em hospital p\u00fablico e morreu no s\u00e1bado, 02.<\/p>\n\n\n\n<p>Os dados epidemiol\u00f3gicos e de ocupa\u00e7\u00e3o de leitos podem ser acompanhados em paraiba.pb.gov.br\/coronavirus.<\/p>\n","protected":false},"excerpt":{"rendered":"<p>A Secretaria de Estado da Sa\u00fade divulgou boletim atualizado dos casos do novo coronav\u00edrus. Neste domingo, 03 de maio, a Para\u00edba atingiu 1219, sendo 50&hellip; <\/p>\n","protected":false},"author":2,"featured_media":167307,"comment_status":"closed","ping_status":"closed","sticky":false,"template":"","format":"standard","meta":{"sfsi_plus_gutenberg_text_before_share":"","sfsi_plus_gutenberg_show_text_before_share":"","sfsi_plus_gutenberg_icon_type":"","sfsi_plus_gutenberg_icon_alignemt":"","sfsi_plus_gutenburg_max_per_row":"","footnotes":""},"categories":[50,16],"tags":[],"class_list":["post-167306","post","type-post","status-publish","format-standard","has-post-thumbnail","hentry","category-destaque","category-saude"],"_links":{"self":[{"href":"https:\/\/www.caririemacao.com\/1\/wp-json\/wp\/v2\/posts\/167306","targetHints":{"allow":["GET"]}}],"collection":[{"href":"https:\/\/www.caririemacao.com\/1\/wp-json\/wp\/v2\/posts"}],"about":[{"href":"https:\/\/www.caririemacao.com\/1\/wp-json\/wp\/v2\/types\/post"}],"author":[{"embeddable":true,"href":"https:\/\/www.caririemacao.com\/1\/wp-json\/wp\/v2\/users\/2"}],"replies":[{"embeddable":true,"href":"https:\/\/www.caririemacao.com\/1\/wp-json\/wp\/v2\/comments?post=167306"}],"version-history":[{"count":1,"href":"https:\/\/www.caririemacao.com\/1\/wp-json\/wp\/v2\/posts\/167306\/revisions"}],"predecessor-version":[{"id":167308,"href":"https:\/\/www.caririemacao.com\/1\/wp-json\/wp\/v2\/posts\/167306\/revisions\/167308"}],"wp:featuredmedia":[{"embeddable":true,"href":"https:\/\/www.caririemacao.com\/1\/wp-json\/wp\/v2\/media\/167307"}],"wp:attachment":[{"href":"https:\/\/www.caririemacao.com\/1\/wp-json\/wp\/v2\/media?parent=167306"}],"wp:term":[{"taxonomy":"category","embeddable":true,"href":"https:\/\/www.caririemacao.com\/1\/wp-json\/wp\/v2\/categories?post=167306"},{"taxonomy":"post_tag","embeddable":true,"href":"https:\/\/www.caririemacao.com\/1\/wp-json\/wp\/v2\/tags?post=167306"}],"curies":[{"name":"wp","href":"https:\/\/api.w.org\/{rel}","templated":true}]}}