{"id":167310,"date":"2020-05-04T07:58:16","date_gmt":"2020-05-04T10:58:16","guid":{"rendered":"https:\/\/www.caririemacao.com\/1\/?p=167310"},"modified":"2020-05-04T08:31:16","modified_gmt":"2020-05-04T11:31:16","slug":"tendencias-para-o-mundo-profissional-pos-pandemia","status":"publish","type":"post","link":"https:\/\/www.caririemacao.com\/1\/2020\/05\/04\/tendencias-para-o-mundo-profissional-pos-pandemia\/","title":{"rendered":"Tend\u00eancias para o Mundo Profissional P\u00f3s Pandemia"},"content":{"rendered":"\n<p>As medidas de distanciamento social adotadas no Brasil para conter a dissemina\u00e7\u00e3o do novo coronav\u00edrus t\u00eam provocado grandes mudan\u00e7as no campo profissional. <\/p>\n\n\n\n<p>O trabalho remoto e o uso das novas tecnologias, mais do que uma op\u00e7\u00e3o, \u00e9 praticamente um dever para aqueles que pretendem se manter no mercado.<\/p>\n\n\n\n<p>As palavras de ordem neste momento s\u00e3o flexibilidade e colabora\u00e7\u00e3o, resili\u00eancia e determina\u00e7\u00e3o. Normalmente, as pessoas e as organiza\u00e7\u00f5es n\u00e3o se preocupam com planos de conting\u00eancia e riscos. Est\u00e3o sempre voltadas para um cen\u00e1rio dentro da normalidade, e quando surge uma quebra deste cen\u00e1rio, elas n\u00e3o sabem como se adaptar. <\/p>\n\n\n\n<p>Dentre as v\u00e1rias li\u00e7\u00f5es que o per\u00edodo deixa, desenvolver a flexibilidade e a colabora\u00e7\u00e3o s\u00e3o essenciais para, caso ocorra qualquer outro problema, a adapta\u00e7\u00e3o seja de forma mais tranquila. Resili\u00eancia e determina\u00e7\u00e3o em manter a esperan\u00e7a e o foco em novas oportunidades.<\/p>\n\n\n\n<p>Fomos for\u00e7ados a sair da zona de conforto e aprender a desaprender, (re)inventar para manter os neg\u00f3cios funcionando e o emprego fidelizado. E pelo menos uma not\u00edcia boa em meio a pandemia, os tempos de crise s\u00e3o os melhores para identificarmos novas oportunidades. \u00c9 neste momento que padr\u00f5es s\u00e3o quebrados e com isso surgem novas possibilidades, consequentemente, os modelos de neg\u00f3cios tamb\u00e9m s\u00e3o alterados. \u00c9 o momento de abrirem os olhos para as novas necessidades e transformarem os novos h\u00e1bitos em oportunidades, bem como buscar solu\u00e7\u00f5es para os desafios que a crise ocasiona.<\/p>\n\n\n\n<p>Com todas essas mudan\u00e7as, quais as principais caracter\u00edsticas desejadas do profissional que emerge deste per\u00edodo? Antes da pandemia, o mercado j\u00e1 valorizava os profissionais criativos, proativos e com dom\u00ednio tecnol\u00f3gico.<\/p>\n\n\n\n<p>Agora, esse novo perfil n\u00e3o s\u00f3 continuar\u00e1 sendo valorizado, mas devem abusar da criatividade, desenvolverem um perfil colaborativo, flex\u00edvel, com dom\u00ednio tecnol\u00f3gico, intelig\u00eancia emocional e, principalmente, com capacidade de resolu\u00e7\u00e3o de problemas em qualquer ambiente. Os desafios s\u00e3o muitos, ent\u00e3o o profissional que conseguir, de fato, se reinventar ter\u00e1 destaque no per\u00edodo p\u00f3s-pandemia.<\/p>\n\n\n\n<p>A orienta\u00e7\u00e3o que segue \u00e9 que explorem seus potenciais e fragilidades, se n\u00e3o conhecem, procurem um profissional da \u00e1rea para com voc\u00ea mapear e te passar as orienta\u00e7\u00f5es de sair vitorioso e com grandes oportunidades p\u00f3s isolamento.<\/p>\n\n\n\n<p>Por Jane \u00c9rica, CEO da Somnus Consultoria<br>Analista Comportamental \u2013 83 98838 7525<\/p>\n","protected":false},"excerpt":{"rendered":"<p>As medidas de distanciamento social adotadas no Brasil para conter a dissemina\u00e7\u00e3o do novo coronav\u00edrus t\u00eam provocado grandes mudan\u00e7as no campo profissional. O trabalho remoto&hellip; <\/p>\n","protected":false},"author":2,"featured_media":167353,"comment_status":"closed","ping_status":"closed","sticky":false,"template":"","format":"standard","meta":{"sfsi_plus_gutenberg_text_before_share":"","sfsi_plus_gutenberg_show_text_before_share":"","sfsi_plus_gutenberg_icon_type":"","sfsi_plus_gutenberg_icon_alignemt":"","sfsi_plus_gutenburg_max_per_row":"","footnotes":""},"categories":[50,2],"tags":[],"class_list":["post-167310","post","type-post","status-publish","format-standard","has-post-thumbnail","hentry","category-destaque","category-geral"],"_links":{"self":[{"href":"https:\/\/www.caririemacao.com\/1\/wp-json\/wp\/v2\/posts\/167310","targetHints":{"allow":["GET"]}}],"collection":[{"href":"https:\/\/www.caririemacao.com\/1\/wp-json\/wp\/v2\/posts"}],"about":[{"href":"https:\/\/www.caririemacao.com\/1\/wp-json\/wp\/v2\/types\/post"}],"author":[{"embeddable":true,"href":"https:\/\/www.caririemacao.com\/1\/wp-json\/wp\/v2\/users\/2"}],"replies":[{"embeddable":true,"href":"https:\/\/www.caririemacao.com\/1\/wp-json\/wp\/v2\/comments?post=167310"}],"version-history":[{"count":1,"href":"https:\/\/www.caririemacao.com\/1\/wp-json\/wp\/v2\/posts\/167310\/revisions"}],"predecessor-version":[{"id":167320,"href":"https:\/\/www.caririemacao.com\/1\/wp-json\/wp\/v2\/posts\/167310\/revisions\/167320"}],"wp:featuredmedia":[{"embeddable":true,"href":"https:\/\/www.caririemacao.com\/1\/wp-json\/wp\/v2\/media\/167353"}],"wp:attachment":[{"href":"https:\/\/www.caririemacao.com\/1\/wp-json\/wp\/v2\/media?parent=167310"}],"wp:term":[{"taxonomy":"category","embeddable":true,"href":"https:\/\/www.caririemacao.com\/1\/wp-json\/wp\/v2\/categories?post=167310"},{"taxonomy":"post_tag","embeddable":true,"href":"https:\/\/www.caririemacao.com\/1\/wp-json\/wp\/v2\/tags?post=167310"}],"curies":[{"name":"wp","href":"https:\/\/api.w.org\/{rel}","templated":true}]}}