{"id":167312,"date":"2020-05-04T07:55:25","date_gmt":"2020-05-04T10:55:25","guid":{"rendered":"https:\/\/www.caririemacao.com\/1\/?p=167312"},"modified":"2020-05-04T07:55:26","modified_gmt":"2020-05-04T10:55:26","slug":"ministros-do-stf-e-entidades-repudiam-agressao-sofrida-por-fotografo","status":"publish","type":"post","link":"https:\/\/www.caririemacao.com\/1\/2020\/05\/04\/ministros-do-stf-e-entidades-repudiam-agressao-sofrida-por-fotografo\/","title":{"rendered":"Ministros do STF e entidades repudiam agress\u00e3o sofrida por fot\u00f3grafo"},"content":{"rendered":"\n<h1 class=\"wp-block-heading\"><\/h1>\n\n\n\n<p> Ministros do STF e entidades repudiaram hoje (3)\u00a0<a href=\"https:\/\/paraibaonline.com.br\/2020\/05\/manifestantes-pro-bolsonaro-agridem-jornalistas-em-brasilia\/\">agress\u00e3o sofrida pelo fot\u00f3grafo Dida Sampaio,<\/a>\u00a0do jornal O Estado de S.Paulo, durante manifesta\u00e7\u00e3o em Bras\u00edlia. Os manifestantes levavam faixas com mensagens contra o Congresso Nacional e o Supremo Tribunal Federal e de apoio ao presidente Jair Bolsonaro.<\/p>\n\n\n\n<p>O profissional do Estado de .Paulo foi agredido com socos e chutes quando tentava registrar fotos do presidente cumprimentando os manifestantes em frente ao Pal\u00e1cio do Planalto. Al\u00e9m de Sampaio, o motorista do jornal, Marcos Pereira, foi derrubado com uma rasteira.<\/p>\n\n\n\n<p>Os agredidos deixaram o local escoltados pela Pol\u00edcia Militar. Jornalistas de outros ve\u00edculos tamb\u00e9m foram hostilizados durante o ato.<\/p>\n\n\n\n<p>A ministra C\u00e1rmen L\u00facia lamentou a agress\u00e3o na data em que \u00e9 comemorada o Dia da Liberdade de Imprensa.<\/p>\n\n\n\n<p>\u201c\u00c9 inaceit\u00e1vel, inexplic\u00e1vel, que ainda tenhamos cidad\u00e3os que n\u00e3o entenderam que o papel do profissional de imprensa \u00e9 o que garante a cada um de n\u00f3s poder ser livre. Estamos, portanto, quando falamos da liberdade de express\u00e3o e de imprensa, no campo das liberdades, sem a qual n\u00e3o h\u00e1 respeito \u00e0 dignidade\u201d, disse.<\/p>\n\n\n\n<p>O ministro Alexandre de Moraes declarou que as agress\u00f5es contra jornalistas devem ser repudiadas e n\u00e3o podem ser \u201ctoleradas pelas institui\u00e7\u00f5es e pela sociedade\u201d.<\/p>\n\n\n\n<p>Para Gilmar Mendes, a \u201cagress\u00e3o a cada jornalista \u00e9 agress\u00e3o \u00e0 liberdade de express\u00e3o e agress\u00e3o \u00e0 pr\u00f3pria democracia\u201d.<\/p>\n\n\n\n<p>Para o ministro Lu\u00eds Roberto Barroso \u00e9 preciso valorizar o papel do jornalista.<\/p>\n\n\n\n<p>\u201cDia da Liberdade de Imprensa. Mais que nunca precisamos de jornalismo profissional de qualidade, com informa\u00e7\u00f5es devidamente checadas, em busca da verdade poss\u00edvel, ainda que plural. Assim se combate o \u00f3dio, a mentira e a intoler\u00e2ncia\u201d, disse.<\/p>\n\n\n\n<p>O presidente da C\u00e2mara dos Deputados, Rodrigo Maia, manifestou solidariedade aos jornalistas e disse que\u201dcabe \u00e0s institui\u00e7\u00f5es democr\u00e1ticas impor a ordem legal a esse grupo que confunde fazer pol\u00edtica com tocar o terror.\u201d<\/p>\n\n\n\n<p>Sociedade Civil<br>A Associa\u00e7\u00e3o Nacional dos Jornais (ANJ) disse que espera que os agressores sejam identificados e punidos de acordo com a lei.<\/p>\n\n\n\n<p>\u201cAl\u00e9m de atentarem de maneira covarde contra a integridade f\u00edsica daqueles que exerciam sua atividade profissional, os agressores atacaram frontalmente a pr\u00f3pria liberdade de imprensa. Atentar contra o livre exerc\u00edcio da atividade jornal\u00edstica \u00e9 ferir tamb\u00e9m o direito dos cidad\u00e3os de serem livremente informados\u201d, declarou a entidade.<\/p>\n","protected":false},"excerpt":{"rendered":"<p>Ministros do STF e entidades repudiaram hoje (3)\u00a0agress\u00e3o sofrida pelo fot\u00f3grafo Dida Sampaio,\u00a0do jornal O Estado de S.Paulo, durante manifesta\u00e7\u00e3o em Bras\u00edlia. Os manifestantes levavam&hellip; <\/p>\n","protected":false},"author":2,"featured_media":167313,"comment_status":"closed","ping_status":"closed","sticky":false,"template":"","format":"standard","meta":{"sfsi_plus_gutenberg_text_before_share":"","sfsi_plus_gutenberg_show_text_before_share":"","sfsi_plus_gutenberg_icon_type":"","sfsi_plus_gutenberg_icon_alignemt":"","sfsi_plus_gutenburg_max_per_row":"","footnotes":""},"categories":[2],"tags":[],"class_list":["post-167312","post","type-post","status-publish","format-standard","has-post-thumbnail","hentry","category-geral"],"_links":{"self":[{"href":"https:\/\/www.caririemacao.com\/1\/wp-json\/wp\/v2\/posts\/167312","targetHints":{"allow":["GET"]}}],"collection":[{"href":"https:\/\/www.caririemacao.com\/1\/wp-json\/wp\/v2\/posts"}],"about":[{"href":"https:\/\/www.caririemacao.com\/1\/wp-json\/wp\/v2\/types\/post"}],"author":[{"embeddable":true,"href":"https:\/\/www.caririemacao.com\/1\/wp-json\/wp\/v2\/users\/2"}],"replies":[{"embeddable":true,"href":"https:\/\/www.caririemacao.com\/1\/wp-json\/wp\/v2\/comments?post=167312"}],"version-history":[{"count":1,"href":"https:\/\/www.caririemacao.com\/1\/wp-json\/wp\/v2\/posts\/167312\/revisions"}],"predecessor-version":[{"id":167314,"href":"https:\/\/www.caririemacao.com\/1\/wp-json\/wp\/v2\/posts\/167312\/revisions\/167314"}],"wp:featuredmedia":[{"embeddable":true,"href":"https:\/\/www.caririemacao.com\/1\/wp-json\/wp\/v2\/media\/167313"}],"wp:attachment":[{"href":"https:\/\/www.caririemacao.com\/1\/wp-json\/wp\/v2\/media?parent=167312"}],"wp:term":[{"taxonomy":"category","embeddable":true,"href":"https:\/\/www.caririemacao.com\/1\/wp-json\/wp\/v2\/categories?post=167312"},{"taxonomy":"post_tag","embeddable":true,"href":"https:\/\/www.caririemacao.com\/1\/wp-json\/wp\/v2\/tags?post=167312"}],"curies":[{"name":"wp","href":"https:\/\/api.w.org\/{rel}","templated":true}]}}