{"id":167327,"date":"2020-05-04T08:11:08","date_gmt":"2020-05-04T11:11:08","guid":{"rendered":"https:\/\/www.caririemacao.com\/1\/?p=167327"},"modified":"2020-05-04T08:11:09","modified_gmt":"2020-05-04T11:11:09","slug":"governo-do-estado-divulga-chamada-publica-no-valor-de-36-milhoes-para-contratar-empresas-que-prestam-servicos-de-saude","status":"publish","type":"post","link":"https:\/\/www.caririemacao.com\/1\/2020\/05\/04\/governo-do-estado-divulga-chamada-publica-no-valor-de-36-milhoes-para-contratar-empresas-que-prestam-servicos-de-saude\/","title":{"rendered":"Governo do Estado divulga chamada p\u00fablica no valor de 3,6 milh\u00f5es para contratar empresas que prestam servi\u00e7os de sa\u00fade"},"content":{"rendered":"\n<h1 class=\"wp-block-heading\"><\/h1>\n\n\n\n<p>O Governo da Para\u00edba publicou chamada p\u00fablica para contrata\u00e7\u00e3o de empresas credenciadas ao SUS para presta\u00e7\u00e3o de servi\u00e7os m\u00e9dicos nas especialidades obstetr\u00edcia, cl\u00ednica m\u00e9dica, anestesiologia, intensivista, pediatria e emergencista. A contrata\u00e7\u00e3o no valor de R$ 3,6 milh\u00f5es, visa refor\u00e7ar as a\u00e7\u00f5es de enfrentamento a covid-19. O&nbsp;<a href=\"https:\/\/www.clickpb.com.br\/media\/filer_public\/3f\/6e\/3f6e6cd4-3f9d-403c-8be6-faf5f31c9b4d\/diario_oficial_03-05-2020.pdf\">edital<\/a>&nbsp;foi publicado em edi\u00e7\u00e3o especial do Di\u00e1rio Oficial do Estado neste domingo (3).<\/p>\n\n\n\n<p>A presta\u00e7\u00e3o dos servi\u00e7os ser\u00e1 no Hospital Frei Dami\u00e3o, em Jo\u00e3o Pessoa; Hospital Metropolitano Dom Jos\u00e9 Maria Pires, em Santa Rita; Hospital Estadual de Emerg\u00eancia e Trauma Dom Luiz Gonzaga, em Campina Grande. Al\u00e9m disso, tamb\u00e9m haver\u00e1 presta\u00e7\u00e3o de servi\u00e7o nos munic\u00edpios inseridos no Plano de Enfrentamento da covid-19: Jo\u00e3o Pessoa, Campina Grande, Patos e Cajazeiras.<\/p>\n\n\n\n<p>As inscri\u00e7\u00f5es podem ser feitas no link&nbsp;<a href=\"https:\/\/bit.ly\/2KXk4kk\">https:\/\/bit.ly\/2KXk4kk<\/a>, a partir desta segunda-feira (4) at\u00e9 a pr\u00f3xima quinta-feira (7). O resultado final deve sair no dia 15 de maio.<\/p>\n\n\n\n<p>Os prazos dos contratos ser\u00e3o de seis meses, podendo ser prorrogados sucessivas vezes pelo mesmo per\u00edodo, conforme a necessidade.<\/p>\n","protected":false},"excerpt":{"rendered":"<p>O Governo da Para\u00edba publicou chamada p\u00fablica para contrata\u00e7\u00e3o de empresas credenciadas ao SUS para presta\u00e7\u00e3o de servi\u00e7os m\u00e9dicos nas especialidades obstetr\u00edcia, cl\u00ednica m\u00e9dica, anestesiologia,&hellip; <\/p>\n","protected":false},"author":2,"featured_media":167328,"comment_status":"closed","ping_status":"closed","sticky":false,"template":"","format":"standard","meta":{"sfsi_plus_gutenberg_text_before_share":"","sfsi_plus_gutenberg_show_text_before_share":"","sfsi_plus_gutenberg_icon_type":"","sfsi_plus_gutenberg_icon_alignemt":"","sfsi_plus_gutenburg_max_per_row":"","footnotes":""},"categories":[2],"tags":[],"class_list":["post-167327","post","type-post","status-publish","format-standard","has-post-thumbnail","hentry","category-geral"],"_links":{"self":[{"href":"https:\/\/www.caririemacao.com\/1\/wp-json\/wp\/v2\/posts\/167327","targetHints":{"allow":["GET"]}}],"collection":[{"href":"https:\/\/www.caririemacao.com\/1\/wp-json\/wp\/v2\/posts"}],"about":[{"href":"https:\/\/www.caririemacao.com\/1\/wp-json\/wp\/v2\/types\/post"}],"author":[{"embeddable":true,"href":"https:\/\/www.caririemacao.com\/1\/wp-json\/wp\/v2\/users\/2"}],"replies":[{"embeddable":true,"href":"https:\/\/www.caririemacao.com\/1\/wp-json\/wp\/v2\/comments?post=167327"}],"version-history":[{"count":1,"href":"https:\/\/www.caririemacao.com\/1\/wp-json\/wp\/v2\/posts\/167327\/revisions"}],"predecessor-version":[{"id":167330,"href":"https:\/\/www.caririemacao.com\/1\/wp-json\/wp\/v2\/posts\/167327\/revisions\/167330"}],"wp:featuredmedia":[{"embeddable":true,"href":"https:\/\/www.caririemacao.com\/1\/wp-json\/wp\/v2\/media\/167328"}],"wp:attachment":[{"href":"https:\/\/www.caririemacao.com\/1\/wp-json\/wp\/v2\/media?parent=167327"}],"wp:term":[{"taxonomy":"category","embeddable":true,"href":"https:\/\/www.caririemacao.com\/1\/wp-json\/wp\/v2\/categories?post=167327"},{"taxonomy":"post_tag","embeddable":true,"href":"https:\/\/www.caririemacao.com\/1\/wp-json\/wp\/v2\/tags?post=167327"}],"curies":[{"name":"wp","href":"https:\/\/api.w.org\/{rel}","templated":true}]}}