{"id":167334,"date":"2020-05-04T08:14:51","date_gmt":"2020-05-04T11:14:51","guid":{"rendered":"https:\/\/www.caririemacao.com\/1\/?p=167334"},"modified":"2020-05-04T08:14:51","modified_gmt":"2020-05-04T11:14:51","slug":"sume-sala-de-testes-rapidos-do-covid-19-ja-esta-em-funcionamento","status":"publish","type":"post","link":"https:\/\/www.caririemacao.com\/1\/2020\/05\/04\/sume-sala-de-testes-rapidos-do-covid-19-ja-esta-em-funcionamento\/","title":{"rendered":"Sum\u00e9: sala de testes r\u00e1pidos do covid-19 j\u00e1 est\u00e1 em funcionamento"},"content":{"rendered":"\n<p>O munic\u00edpio de Sum\u00e9 recebeu da 5\u00aa Ger\u00eancia de Sa\u00fade do Estado, testes r\u00e1pidos para o coronav\u00edrus. A Prefeitura de Sum\u00e9 preparou uma sala espec\u00edfica para a realiza\u00e7\u00e3o dos exames, que fica na Rua Francisco de Melo, ao lado da Farm\u00e1cia Municipal, funcionando das 13h \u00e0s 17h.<\/p>\n\n\n\n<p>Na sala de testes r\u00e1pidos do covid-19 est\u00e3o trabalhando dois profissionais, um enfermeiro, respons\u00e1vel pelas coletas, e um auxiliar de servi\u00e7os gerais.<\/p>\n\n\n\n<p>O Cariri paraibano tem tr\u00eas pontos estrat\u00e9gicos de coletas: Sum\u00e9, Monteiro e Serra Branca, sendo que Sum\u00e9 atende ainda os munic\u00edpios de Amparo e Congo.<\/p>\n\n\n\n<p>Sum\u00e9 recebeu dois tipos de testes r\u00e1pidos, um espec\u00edfico para testar nos profissionais de sa\u00fade, da seguran\u00e7a p\u00fablica e contatos domiciliares, a partir do d\u00e9cimo dia de sintomas. O outro teste \u00e9 para a popula\u00e7\u00e3o em geral, a partir do oitavo dia de sintomas. Os resultados dos testes r\u00e1pido saem em 15 minutos.<\/p>\n\n\n\n<p>O munic\u00edpio recebeu ainda o teste conhecido como swab, ele \u00e9 realizado em pacientes hospitalizados graves. A realiza\u00e7\u00e3o deste teste \u00e9 preferencialmente entre o terceiro e o s\u00e9timo dia de sintomas.<\/p>\n\n\n\n<p>Para realizar o teste r\u00e1pido a pessoa deve apresentar os sintomas cl\u00e1ssicos, como dor de garganta, tosse, febre e dispneia, que \u00e9 o desconforto respirat\u00f3rio. Para a realiza\u00e7\u00e3o dos testes, os profissionais de sa\u00fade e da seguran\u00e7a p\u00fablica devem apresentar os sintomas h\u00e1 10 dias, j\u00e1 \u00e0 popula\u00e7\u00e3o em geral, os sintomas devem ter persistido h\u00e1 oito dias.<\/p>\n\n\n\n<p>Pacientes com os sintomas cl\u00e1ssicos devem procurar a unidade de sa\u00fade de sua \u00e1rea para ser avaliado pelo m\u00e9dico e, dependendo da avalia\u00e7\u00e3o, ser\u00e1 notificado e encaminhado para realiza\u00e7\u00e3o do teste r\u00e1pido.<\/p>\n\n\n\n<p>O munic\u00edpio de Sum\u00e9 disp\u00f5e atualmente de 50 testes r\u00e1pidos, recebidos da 5\u00aa Gerencia de Sa\u00fade. A Prefeitura tamb\u00e9m comprou mais testes e est\u00e1 aguardando a entrega.<\/p>\n\n\n\n<p>Ascom\/PMS<\/p>\n","protected":false},"excerpt":{"rendered":"<p>O munic\u00edpio de Sum\u00e9 recebeu da 5\u00aa Ger\u00eancia de Sa\u00fade do Estado, testes r\u00e1pidos para o coronav\u00edrus. A Prefeitura de Sum\u00e9 preparou uma sala espec\u00edfica&hellip; <\/p>\n","protected":false},"author":1,"featured_media":167335,"comment_status":"closed","ping_status":"closed","sticky":false,"template":"","format":"standard","meta":{"sfsi_plus_gutenberg_text_before_share":"","sfsi_plus_gutenberg_show_text_before_share":"","sfsi_plus_gutenberg_icon_type":"","sfsi_plus_gutenberg_icon_alignemt":"","sfsi_plus_gutenburg_max_per_row":"","footnotes":""},"categories":[6,50],"tags":[],"class_list":["post-167334","post","type-post","status-publish","format-standard","has-post-thumbnail","hentry","category-cidades","category-destaque"],"_links":{"self":[{"href":"https:\/\/www.caririemacao.com\/1\/wp-json\/wp\/v2\/posts\/167334","targetHints":{"allow":["GET"]}}],"collection":[{"href":"https:\/\/www.caririemacao.com\/1\/wp-json\/wp\/v2\/posts"}],"about":[{"href":"https:\/\/www.caririemacao.com\/1\/wp-json\/wp\/v2\/types\/post"}],"author":[{"embeddable":true,"href":"https:\/\/www.caririemacao.com\/1\/wp-json\/wp\/v2\/users\/1"}],"replies":[{"embeddable":true,"href":"https:\/\/www.caririemacao.com\/1\/wp-json\/wp\/v2\/comments?post=167334"}],"version-history":[{"count":1,"href":"https:\/\/www.caririemacao.com\/1\/wp-json\/wp\/v2\/posts\/167334\/revisions"}],"predecessor-version":[{"id":167336,"href":"https:\/\/www.caririemacao.com\/1\/wp-json\/wp\/v2\/posts\/167334\/revisions\/167336"}],"wp:featuredmedia":[{"embeddable":true,"href":"https:\/\/www.caririemacao.com\/1\/wp-json\/wp\/v2\/media\/167335"}],"wp:attachment":[{"href":"https:\/\/www.caririemacao.com\/1\/wp-json\/wp\/v2\/media?parent=167334"}],"wp:term":[{"taxonomy":"category","embeddable":true,"href":"https:\/\/www.caririemacao.com\/1\/wp-json\/wp\/v2\/categories?post=167334"},{"taxonomy":"post_tag","embeddable":true,"href":"https:\/\/www.caririemacao.com\/1\/wp-json\/wp\/v2\/tags?post=167334"}],"curies":[{"name":"wp","href":"https:\/\/api.w.org\/{rel}","templated":true}]}}