{"id":167337,"date":"2020-05-04T08:19:03","date_gmt":"2020-05-04T11:19:03","guid":{"rendered":"https:\/\/www.caririemacao.com\/1\/?p=167337"},"modified":"2020-05-04T08:19:05","modified_gmt":"2020-05-04T11:19:05","slug":"paraiba-registra-79-obitos-e-1-219-casos-confirmados-de-covid-19","status":"publish","type":"post","link":"https:\/\/www.caririemacao.com\/1\/2020\/05\/04\/paraiba-registra-79-obitos-e-1-219-casos-confirmados-de-covid-19\/","title":{"rendered":"Para\u00edba registra 79 \u00f3bitos e 1.219 casos confirmados de covid-19"},"content":{"rendered":"\n<h1 class=\"wp-block-heading\"><\/h1>\n\n\n\n<p>A Para\u00edba atingiu, neste domingo (3), 1.219 casos confirmados de covid-19, 50 a mais do que o divulgado no boletim anterior. S\u00e3o 79 \u00f3bitos, tr\u00eas deles com confirma\u00e7\u00e3o nas \u00faltimas 24 horas. Um dos pacientes faleceu neste domingo (3), enquanto os outros dois faleceram no s\u00e1bado (2).<\/p>\n\n\n\n<p>Dos casos confirmados, 227 j\u00e1 se recuperaram, segundo informa\u00e7\u00f5es das Secretarias Municipais de Sa\u00fade. Outros 1957 casos investigados j\u00e1 foram descartados para Covid-19. Dos 370 leitos de UTI previstos no plano de Conting\u00eancia para Coronav\u00edrus, 171 j\u00e1 est\u00e3o ativos, 50% deles ocupados.<\/p>\n\n\n\n<p>Casos Confirmados:&nbsp; 1219<br>Casos Descartados: 1957<br>\u00d3bitos confirmados: 79<br>Casos recuperados: 277<\/p>\n\n\n\n<p>Os casos confirmados est\u00e3o em 65 munic\u00edpios paraibanos:<\/p>\n\n\n\n<p>Alagoa Grande (2); Alagoa Nova (1); Alhandra (7); Ara\u00e7agi (1); Areia (1); Barra de S\u00e3o Miguel (1); Bayeux (43); Bom Jesus (1); Boqueir\u00e3o (1); Brejo do Cruz (1); Caapor\u00e3 (3); Cabedelo (39); Cai\u00e7ara (1); Cajazeiras (10); Campina Grande (62); Casserengue (1); Catingueira (1); Conde (17); Congo (1); Coremas (1); Coxixola (3); Cruz do Esp\u00edrito Santo (4); Esperan\u00e7a (2); Guarabira (21); Gurinhem (1); Igaracy (1); Imaculada (3); Itabaiana (2); Itaporanga (1); Itapororoca (3); Jo\u00e3o Pessoa (711); Junco do Serid\u00f3 (3); Lagoa Seca (2); Lucena (5); Mamanguape (1); Mari (8); Mariz\u00f3polis (3); Monteiro (1); Mulungu (3); Patos (24); Pedras de Fogo (9); Pianc\u00f3 (1); Pilar (1); Pil\u00f5ezinhos (2); Pitimbu (2); Pombal (2); Princesa Isabel (1); Queimadas (2); Riach\u00e3o Po\u00e7o (1); Riacho dos Cavalos (1); Rio Tinto (4); Santa Helena (1); Santa Rita (111); S\u00e3o Bento (5); S\u00e3o Jo\u00e3o do Rio do Peixe (6); S\u00e3o Jos\u00e9 de Espinharas (1); S\u00e3o Jos\u00e9 de Piranhas (1); S\u00e3o Jos\u00e9 do Bonfim (1); Sap\u00e9 (45); Serra Branca (1); Serra da Ra\u00edz (1); Serra Redonda (1); Sousa (15); Tapero\u00e1 (5); Umbuzeiro (2).<\/p>\n\n\n\n<p>Ocorreram 3 \u00f3bitos nas \u00faltimas 24h:<\/p>\n\n\n\n<p>Homem, idoso, 69 anos,portador de Hepatopatia Cr\u00f4nica, residente em Santa Rita, inicio dos sintomas no dia 26\/04\/2020, atendido em hospital p\u00fablico e veio a \u00f3bito no dia 02\/05\/2020.<\/p>\n\n\n\n<p>Homem, idoso, 61 anos, tinha como comorbidade Doen\u00e7a Cardiovascular,Hipertens\u00e3o e Etilista, residente em&nbsp; Jo\u00e3o Pessoa, inicio dos sintomas no dia 09\/04\/2020, atendido em hospital&nbsp; p\u00fablico e veio a \u00f3bito no dia 03\/05\/2020.<\/p>\n\n\n\n<p>Homem, adulto, 51 anos, residente em&nbsp; Jo\u00e3o Pessoa, cardiopata, inicio do sintomas no dia 26\/04\/2020,&nbsp; atendido em hospital p\u00fablico e veio a \u00f3bito no dia 02\/05\/2020.<\/p>\n","protected":false},"excerpt":{"rendered":"<p>A Para\u00edba atingiu, neste domingo (3), 1.219 casos confirmados de covid-19, 50 a mais do que o divulgado no boletim anterior. S\u00e3o 79 \u00f3bitos, tr\u00eas&hellip; <\/p>\n","protected":false},"author":2,"featured_media":167339,"comment_status":"closed","ping_status":"closed","sticky":false,"template":"","format":"standard","meta":{"sfsi_plus_gutenberg_text_before_share":"","sfsi_plus_gutenberg_show_text_before_share":"","sfsi_plus_gutenberg_icon_type":"","sfsi_plus_gutenberg_icon_alignemt":"","sfsi_plus_gutenburg_max_per_row":"","footnotes":""},"categories":[2],"tags":[],"class_list":["post-167337","post","type-post","status-publish","format-standard","has-post-thumbnail","hentry","category-geral"],"_links":{"self":[{"href":"https:\/\/www.caririemacao.com\/1\/wp-json\/wp\/v2\/posts\/167337","targetHints":{"allow":["GET"]}}],"collection":[{"href":"https:\/\/www.caririemacao.com\/1\/wp-json\/wp\/v2\/posts"}],"about":[{"href":"https:\/\/www.caririemacao.com\/1\/wp-json\/wp\/v2\/types\/post"}],"author":[{"embeddable":true,"href":"https:\/\/www.caririemacao.com\/1\/wp-json\/wp\/v2\/users\/2"}],"replies":[{"embeddable":true,"href":"https:\/\/www.caririemacao.com\/1\/wp-json\/wp\/v2\/comments?post=167337"}],"version-history":[{"count":1,"href":"https:\/\/www.caririemacao.com\/1\/wp-json\/wp\/v2\/posts\/167337\/revisions"}],"predecessor-version":[{"id":167340,"href":"https:\/\/www.caririemacao.com\/1\/wp-json\/wp\/v2\/posts\/167337\/revisions\/167340"}],"wp:featuredmedia":[{"embeddable":true,"href":"https:\/\/www.caririemacao.com\/1\/wp-json\/wp\/v2\/media\/167339"}],"wp:attachment":[{"href":"https:\/\/www.caririemacao.com\/1\/wp-json\/wp\/v2\/media?parent=167337"}],"wp:term":[{"taxonomy":"category","embeddable":true,"href":"https:\/\/www.caririemacao.com\/1\/wp-json\/wp\/v2\/categories?post=167337"},{"taxonomy":"post_tag","embeddable":true,"href":"https:\/\/www.caririemacao.com\/1\/wp-json\/wp\/v2\/tags?post=167337"}],"curies":[{"name":"wp","href":"https:\/\/api.w.org\/{rel}","templated":true}]}}