{"id":167342,"date":"2020-05-04T08:21:49","date_gmt":"2020-05-04T11:21:49","guid":{"rendered":"https:\/\/www.caririemacao.com\/1\/?p=167342"},"modified":"2020-05-04T08:21:51","modified_gmt":"2020-05-04T11:21:51","slug":"foragido-da-justica-e-preso-pela-prf-na-paraiba-em-barreira-sanitaria-de-enfrentamento-ao-covid-19","status":"publish","type":"post","link":"https:\/\/www.caririemacao.com\/1\/2020\/05\/04\/foragido-da-justica-e-preso-pela-prf-na-paraiba-em-barreira-sanitaria-de-enfrentamento-ao-covid-19\/","title":{"rendered":"Foragido da justi\u00e7a \u00e9 preso pela PRF na Para\u00edba em barreira sanit\u00e1ria de enfrentamento ao Covid-19"},"content":{"rendered":"\n<h1 class=\"wp-block-heading\"><\/h1>\n\n\n\n<p>A Pol\u00edcia Rodovi\u00e1ria Federal prendeu na manh\u00e3 deste domingo (3) um foragido da justi\u00e7a do Rio Grande Norte durante fiscaliza\u00e7\u00e3o na Barreira Sanit\u00e1ria de enfrentamento ao Covid-19, na divisa entre os estados da Para\u00edba e Rio Grande do Norte. A a\u00e7\u00e3o faz parte da Opera\u00e7\u00e3o Tup\u00e3, iniciada na \u00faltima quinta-feira (30) que intensifica as a\u00e7\u00f5es de combate ao crime em todo pa\u00eds.<\/p>\n\n\n\n<p>Os policiais estavam trabalhando na barreira sanit\u00e1ria de enfrentamento ao Covid-19 quando desconfiaram da atitude de um passageiro de um ve\u00edculo que transportava fi\u00e9is de uma igreja para uma a\u00e7\u00e3o em Jo\u00e3o Pessoa.\u00a0<\/p>\n","protected":false},"excerpt":{"rendered":"<p>A Pol\u00edcia Rodovi\u00e1ria Federal prendeu na manh\u00e3 deste domingo (3) um foragido da justi\u00e7a do Rio Grande Norte durante fiscaliza\u00e7\u00e3o na Barreira Sanit\u00e1ria de enfrentamento&hellip; <\/p>\n","protected":false},"author":2,"featured_media":167343,"comment_status":"closed","ping_status":"closed","sticky":false,"template":"","format":"standard","meta":{"sfsi_plus_gutenberg_text_before_share":"","sfsi_plus_gutenberg_show_text_before_share":"","sfsi_plus_gutenberg_icon_type":"","sfsi_plus_gutenberg_icon_alignemt":"","sfsi_plus_gutenburg_max_per_row":"","footnotes":""},"categories":[12],"tags":[],"class_list":["post-167342","post","type-post","status-publish","format-standard","has-post-thumbnail","hentry","category-policia"],"_links":{"self":[{"href":"https:\/\/www.caririemacao.com\/1\/wp-json\/wp\/v2\/posts\/167342","targetHints":{"allow":["GET"]}}],"collection":[{"href":"https:\/\/www.caririemacao.com\/1\/wp-json\/wp\/v2\/posts"}],"about":[{"href":"https:\/\/www.caririemacao.com\/1\/wp-json\/wp\/v2\/types\/post"}],"author":[{"embeddable":true,"href":"https:\/\/www.caririemacao.com\/1\/wp-json\/wp\/v2\/users\/2"}],"replies":[{"embeddable":true,"href":"https:\/\/www.caririemacao.com\/1\/wp-json\/wp\/v2\/comments?post=167342"}],"version-history":[{"count":1,"href":"https:\/\/www.caririemacao.com\/1\/wp-json\/wp\/v2\/posts\/167342\/revisions"}],"predecessor-version":[{"id":167344,"href":"https:\/\/www.caririemacao.com\/1\/wp-json\/wp\/v2\/posts\/167342\/revisions\/167344"}],"wp:featuredmedia":[{"embeddable":true,"href":"https:\/\/www.caririemacao.com\/1\/wp-json\/wp\/v2\/media\/167343"}],"wp:attachment":[{"href":"https:\/\/www.caririemacao.com\/1\/wp-json\/wp\/v2\/media?parent=167342"}],"wp:term":[{"taxonomy":"category","embeddable":true,"href":"https:\/\/www.caririemacao.com\/1\/wp-json\/wp\/v2\/categories?post=167342"},{"taxonomy":"post_tag","embeddable":true,"href":"https:\/\/www.caririemacao.com\/1\/wp-json\/wp\/v2\/tags?post=167342"}],"curies":[{"name":"wp","href":"https:\/\/api.w.org\/{rel}","templated":true}]}}