{"id":167348,"date":"2020-05-04T08:28:49","date_gmt":"2020-05-04T11:28:49","guid":{"rendered":"https:\/\/www.caririemacao.com\/1\/?p=167348"},"modified":"2020-05-04T08:28:50","modified_gmt":"2020-05-04T11:28:50","slug":"ha-lealdades-maiores-do-que-as-pessoais-diz-moro","status":"publish","type":"post","link":"https:\/\/www.caririemacao.com\/1\/2020\/05\/04\/ha-lealdades-maiores-do-que-as-pessoais-diz-moro\/","title":{"rendered":"&#8220;H\u00e1 lealdades maiores do que as pessoais&#8221;, diz Moro"},"content":{"rendered":"\n<h1 class=\"wp-block-heading\"><\/h1>\n\n\n\n<p>O ex-ministro da Justi\u00e7a e Seguran\u00e7a P\u00fablica, Sergio Moro, publicou nas redes sociais uma frase na manh\u00e3 deste domingo (3).<\/p>\n\n\n\n<p>&#8220;H\u00e1 lealdades maiores do que as pessoais&#8221;, disse Moro, no&nbsp;<a href=\"https:\/\/twitter.com\/SF_Moro\/status\/1256933021594386436\">Twitter<\/a>. A publica\u00e7\u00e3o parece uma refer\u00eancia a uma publica\u00e7\u00e3o anterior do presidente Jair Bolsonaro, em que chama Sergio Moro de &#8216;Judas&#8217; \u2014&nbsp;<a href=\"https:\/\/www.clickpb.com.br\/brasil\/bolsonaro-ataca-moro-e-chama-ex-ministro-de-judas-283253.html\">saiba mais<\/a>.<\/p>\n\n\n\n<figure class=\"wp-block-image\"><img decoding=\"async\" data-src=\"https:\/\/www.clickpb.com.br\/media\/filer_public\/c6\/1d\/c61d9947-ba6d-4144-8a11-d4954baea334\/screenshot_2.jpg\" alt=\"\" src=\"data:image\/svg+xml;base64,PHN2ZyB3aWR0aD0iMSIgaGVpZ2h0PSIxIiB4bWxucz0iaHR0cDovL3d3dy53My5vcmcvMjAwMC9zdmciPjwvc3ZnPg==\" class=\"lazyload\" \/><\/figure>\n\n\n\n<p>O ex-juiz Sergio Moro prestou neste s\u00e1bado mais de 8 horas de depoimento sobre as acusa\u00e7\u00f5es feitas contra o presidente Jair Bolsonaro durante seu discurso de despedida do comando do Minist\u00e9rio da Justi\u00e7a e Seguran\u00e7a P\u00fablica. Por volta das 13h15, Moro chegou \u00e0 sede da superintend\u00eancia da Pol\u00edcia Federal, em Curitiba, num ve\u00edculo da pol\u00edcia, que entrou pelo port\u00e3o dos fundos do edif\u00edcio. O depoimento do ex-ministro come\u00e7ou por volta de 14h30 e s\u00f3 terminou \u00e0s 22h40. Ao depor, o ex-ministro reiterou acusa\u00e7\u00f5es e entregou novas provas contra Jair Bolsonaro sobre sua atua\u00e7\u00e3o para intervir diretamente na Pol\u00edcia Federal.<\/p>\n","protected":false},"excerpt":{"rendered":"<p>O ex-ministro da Justi\u00e7a e Seguran\u00e7a P\u00fablica, Sergio Moro, publicou nas redes sociais uma frase na manh\u00e3 deste domingo (3). &#8220;H\u00e1 lealdades maiores do que&hellip; <\/p>\n","protected":false},"author":2,"featured_media":167349,"comment_status":"closed","ping_status":"closed","sticky":false,"template":"","format":"standard","meta":{"sfsi_plus_gutenberg_text_before_share":"","sfsi_plus_gutenberg_show_text_before_share":"","sfsi_plus_gutenberg_icon_type":"","sfsi_plus_gutenberg_icon_alignemt":"","sfsi_plus_gutenburg_max_per_row":"","footnotes":""},"categories":[2],"tags":[],"class_list":["post-167348","post","type-post","status-publish","format-standard","has-post-thumbnail","hentry","category-geral"],"_links":{"self":[{"href":"https:\/\/www.caririemacao.com\/1\/wp-json\/wp\/v2\/posts\/167348","targetHints":{"allow":["GET"]}}],"collection":[{"href":"https:\/\/www.caririemacao.com\/1\/wp-json\/wp\/v2\/posts"}],"about":[{"href":"https:\/\/www.caririemacao.com\/1\/wp-json\/wp\/v2\/types\/post"}],"author":[{"embeddable":true,"href":"https:\/\/www.caririemacao.com\/1\/wp-json\/wp\/v2\/users\/2"}],"replies":[{"embeddable":true,"href":"https:\/\/www.caririemacao.com\/1\/wp-json\/wp\/v2\/comments?post=167348"}],"version-history":[{"count":1,"href":"https:\/\/www.caririemacao.com\/1\/wp-json\/wp\/v2\/posts\/167348\/revisions"}],"predecessor-version":[{"id":167350,"href":"https:\/\/www.caririemacao.com\/1\/wp-json\/wp\/v2\/posts\/167348\/revisions\/167350"}],"wp:featuredmedia":[{"embeddable":true,"href":"https:\/\/www.caririemacao.com\/1\/wp-json\/wp\/v2\/media\/167349"}],"wp:attachment":[{"href":"https:\/\/www.caririemacao.com\/1\/wp-json\/wp\/v2\/media?parent=167348"}],"wp:term":[{"taxonomy":"category","embeddable":true,"href":"https:\/\/www.caririemacao.com\/1\/wp-json\/wp\/v2\/categories?post=167348"},{"taxonomy":"post_tag","embeddable":true,"href":"https:\/\/www.caririemacao.com\/1\/wp-json\/wp\/v2\/tags?post=167348"}],"curies":[{"name":"wp","href":"https:\/\/api.w.org\/{rel}","templated":true}]}}