{"id":167354,"date":"2020-05-04T08:36:37","date_gmt":"2020-05-04T11:36:37","guid":{"rendered":"https:\/\/www.caririemacao.com\/1\/?p=167354"},"modified":"2020-05-04T08:36:37","modified_gmt":"2020-05-04T11:36:37","slug":"brasil-registra-101-147-casos-de-coronavirus-e-7-025-mortes-pela-doenca","status":"publish","type":"post","link":"https:\/\/www.caririemacao.com\/1\/2020\/05\/04\/brasil-registra-101-147-casos-de-coronavirus-e-7-025-mortes-pela-doenca\/","title":{"rendered":"Brasil registra 101.147 casos de coronav\u00edrus e 7.025 mortes pela doen\u00e7a"},"content":{"rendered":"\n<p><em>As informa\u00e7\u00f5es foram atualizadas pelas Secretarias Estaduais de Sa\u00fade at\u00e9 as 14h deste domingo (3). Do total de casos confirmados, 42.991 est\u00e3o recuperados e outros 51.131 est\u00e3o em acompanhamento<\/em><\/p>\n\n\n\n<p>O Minist\u00e9rio da Sa\u00fade registrou 101.147 casos de coronav\u00edrus e 7.025 mortes da doen\u00e7a no Brasil at\u00e9 as 14h deste domingo (3), segundo informa\u00e7\u00f5es repassadas pelas Secretarias Estaduais de Sa\u00fade de todo o pa\u00eds. S\u00e3o consideradas recuperadas ap\u00f3s contra\u00edrem a doen\u00e7a 42.991 pessoas, o que representa 42,5% do total de casos confirmados. Atualmente, est\u00e3o em acompanhamento outras 51.131 pessoas (50,6%) e 1.364 \u00f3bitos permanecem em investiga\u00e7\u00e3o.<\/p>\n\n\n\n<p>Nas \u00faltimas 24 horas foram registrados 4.588 casos novos e 275 novos \u00f3bitos, sendo que a maior parte \u00e9 referente a outros per\u00edodos, mas foi inscrita de ontem para hoje.<\/p>\n\n\n\n<p>Apesar de muitos munic\u00edpios do pa\u00eds ainda n\u00e3o registrarem casos da doen\u00e7a, de forma geral, est\u00e1 presente em todos os estados do pa\u00eds. Atualmente, S\u00e3o Paulo concentra a maior parte das notifica\u00e7\u00f5es, com 31.772 casos e 2.627 mortes. Rio de Janeiro aparece em segundo lugar, com 11.139 casos e 1.019 \u00f3bitos, seguido por Pernambuco, com 8.643 casos e 652 \u00f3bitos. O estado que registra menos notifica\u00e7\u00f5es \u00e9 Tocantins, com 246 confirma\u00e7\u00f5es e quatro mortes.<\/p>\n\n\n\n<p><a href=\"https:\/\/www.saude.gov.br\/images\/pdf\/2020\/May\/03\/2020-05-03---COVID-19---DOMINGO.pdf\" target=\"_blank\" rel=\"noreferrer noopener\">Confira aqui a apresenta\u00e7\u00e3o dos dados<\/a><\/p>\n\n\n\n<h2 class=\"wp-block-heading\"><strong>Situa\u00e7\u00e3o do coronav\u00edrus no Brasil at\u00e9 hoje &#8211; 03.05.2020<\/strong><\/h2>\n\n\n\n<p>101.147 diagnosticados com COVID-19<br>7.025 \u00f3bitos (6,9%)<br>51.131 em acompanhamento* (50,6%)<br>42.991 recuperados* (42,5%)<br>1.364 \u00f3bitos em investiga\u00e7\u00e3o<br>*estimativas sujeitas a revis\u00e3o<\/p>\n\n\n\n<p><a href=\"http:\/\/covid.saude.gov.br\/\">Clique aqui para ver o detalhamento por UF<\/a><\/p>\n\n\n\n<h2 class=\"wp-block-heading\">Grupos de risco<\/h2>\n\n\n\n<p>Pessoas acima de 60 anos se enquadram no grupo de risco, mesmo que n\u00e3o tenham nenhum problema de sa\u00fade associado. Al\u00e9m disso, pessoas de qualquer idade que tenham doen\u00e7as pr\u00e9-existentes, como cardiopatia, diabetes, pneumopatia, doen\u00e7a neurol\u00f3gica ou renal, imunodepress\u00e3o, obesidade, asma, entre outras, tamb\u00e9m precisam redobrar os cuidados nas medidas de preven\u00e7\u00e3o ao coronav\u00edrus.<\/p>\n\n\n\n<p><em>Da Ag\u00eancia Sa\u00fade<\/em><\/p>\n","protected":false},"excerpt":{"rendered":"<p>As informa\u00e7\u00f5es foram atualizadas pelas Secretarias Estaduais de Sa\u00fade at\u00e9 as 14h deste domingo (3). Do total de casos confirmados, 42.991 est\u00e3o recuperados e outros&hellip; <\/p>\n","protected":false},"author":1,"featured_media":166399,"comment_status":"closed","ping_status":"closed","sticky":false,"template":"","format":"standard","meta":{"sfsi_plus_gutenberg_text_before_share":"","sfsi_plus_gutenberg_show_text_before_share":"","sfsi_plus_gutenberg_icon_type":"","sfsi_plus_gutenberg_icon_alignemt":"","sfsi_plus_gutenburg_max_per_row":"","footnotes":""},"categories":[50],"tags":[],"class_list":["post-167354","post","type-post","status-publish","format-standard","has-post-thumbnail","hentry","category-destaque"],"_links":{"self":[{"href":"https:\/\/www.caririemacao.com\/1\/wp-json\/wp\/v2\/posts\/167354","targetHints":{"allow":["GET"]}}],"collection":[{"href":"https:\/\/www.caririemacao.com\/1\/wp-json\/wp\/v2\/posts"}],"about":[{"href":"https:\/\/www.caririemacao.com\/1\/wp-json\/wp\/v2\/types\/post"}],"author":[{"embeddable":true,"href":"https:\/\/www.caririemacao.com\/1\/wp-json\/wp\/v2\/users\/1"}],"replies":[{"embeddable":true,"href":"https:\/\/www.caririemacao.com\/1\/wp-json\/wp\/v2\/comments?post=167354"}],"version-history":[{"count":1,"href":"https:\/\/www.caririemacao.com\/1\/wp-json\/wp\/v2\/posts\/167354\/revisions"}],"predecessor-version":[{"id":167360,"href":"https:\/\/www.caririemacao.com\/1\/wp-json\/wp\/v2\/posts\/167354\/revisions\/167360"}],"wp:featuredmedia":[{"embeddable":true,"href":"https:\/\/www.caririemacao.com\/1\/wp-json\/wp\/v2\/media\/166399"}],"wp:attachment":[{"href":"https:\/\/www.caririemacao.com\/1\/wp-json\/wp\/v2\/media?parent=167354"}],"wp:term":[{"taxonomy":"category","embeddable":true,"href":"https:\/\/www.caririemacao.com\/1\/wp-json\/wp\/v2\/categories?post=167354"},{"taxonomy":"post_tag","embeddable":true,"href":"https:\/\/www.caririemacao.com\/1\/wp-json\/wp\/v2\/tags?post=167354"}],"curies":[{"name":"wp","href":"https:\/\/api.w.org\/{rel}","templated":true}]}}