{"id":167355,"date":"2020-05-04T08:35:38","date_gmt":"2020-05-04T11:35:38","guid":{"rendered":"https:\/\/www.caririemacao.com\/1\/?p=167355"},"modified":"2020-05-04T08:35:39","modified_gmt":"2020-05-04T11:35:39","slug":"moro-nao-era-ministro-era-espiao-diz-eduardo-bolsonaro","status":"publish","type":"post","link":"https:\/\/www.caririemacao.com\/1\/2020\/05\/04\/moro-nao-era-ministro-era-espiao-diz-eduardo-bolsonaro\/","title":{"rendered":"Moro n\u00e3o era ministro, era espi\u00e3o&#8217;, diz Eduardo Bolsonaro"},"content":{"rendered":"\n<h1 class=\"wp-block-heading\"><\/h1>\n\n\n\n<p>O deputado federal Eduardo Bolsonaro (PSL-SP) ironizou, em&nbsp;<a href=\"https:\/\/twitter.com\/BolsonaroSP\/status\/1256919376504205313\">uma mensagem no Twitter<\/a>, o tempo de dura\u00e7\u00e3o do&nbsp;<a href=\"https:\/\/www.clickpb.com.br\/brasil\/em-depoimento-de-mais-de-8-horas-moro-apresenta-novas-provas-contra-bolsonaro-283249.html\">depoimento do ex-ministro da Justi\u00e7a e Seguran\u00e7a P\u00fablica, Sergio Moro, \u00e0 Pol\u00edcia Federal, neste s\u00e1bado (2), em Curitiba<\/a>.<\/p>\n\n\n\n<p>Em publica\u00e7\u00e3o neste domingo (3), Eduardo Bolsonaro disse que Moro n\u00e3o era ministro, e sim espi\u00e3o, no governo do presidente Jair Bolsonaro.<\/p>\n\n\n\n<figure class=\"wp-block-image\"><img decoding=\"async\" data-src=\"https:\/\/www.clickpb.com.br\/media\/filer_public\/aa\/0e\/aa0eac94-ceae-40a0-92d3-9f79c6b430e7\/screenshot_3.jpg\" alt=\"\" src=\"data:image\/svg+xml;base64,PHN2ZyB3aWR0aD0iMSIgaGVpZ2h0PSIxIiB4bWxucz0iaHR0cDovL3d3dy53My5vcmcvMjAwMC9zdmciPjwvc3ZnPg==\" class=\"lazyload\" \/><\/figure>\n\n\n\n<p>&#8220;Realmente \u00e9 preciso muito tempo dando depoimentos a delegados amigos para ver se acham algo contra Bolsonaro. Moro n\u00e3o era ministro, era espi\u00e3o&#8221;, disse Eduardo Bolsonaro.<\/p>\n","protected":false},"excerpt":{"rendered":"<p>O deputado federal Eduardo Bolsonaro (PSL-SP) ironizou, em&nbsp;uma mensagem no Twitter, o tempo de dura\u00e7\u00e3o do&nbsp;depoimento do ex-ministro da Justi\u00e7a e Seguran\u00e7a P\u00fablica, Sergio Moro,&hellip; <\/p>\n","protected":false},"author":2,"featured_media":167356,"comment_status":"closed","ping_status":"closed","sticky":false,"template":"","format":"standard","meta":{"sfsi_plus_gutenberg_text_before_share":"","sfsi_plus_gutenberg_show_text_before_share":"","sfsi_plus_gutenberg_icon_type":"","sfsi_plus_gutenberg_icon_alignemt":"","sfsi_plus_gutenburg_max_per_row":"","footnotes":""},"categories":[11],"tags":[],"class_list":["post-167355","post","type-post","status-publish","format-standard","has-post-thumbnail","hentry","category-politica"],"_links":{"self":[{"href":"https:\/\/www.caririemacao.com\/1\/wp-json\/wp\/v2\/posts\/167355","targetHints":{"allow":["GET"]}}],"collection":[{"href":"https:\/\/www.caririemacao.com\/1\/wp-json\/wp\/v2\/posts"}],"about":[{"href":"https:\/\/www.caririemacao.com\/1\/wp-json\/wp\/v2\/types\/post"}],"author":[{"embeddable":true,"href":"https:\/\/www.caririemacao.com\/1\/wp-json\/wp\/v2\/users\/2"}],"replies":[{"embeddable":true,"href":"https:\/\/www.caririemacao.com\/1\/wp-json\/wp\/v2\/comments?post=167355"}],"version-history":[{"count":1,"href":"https:\/\/www.caririemacao.com\/1\/wp-json\/wp\/v2\/posts\/167355\/revisions"}],"predecessor-version":[{"id":167357,"href":"https:\/\/www.caririemacao.com\/1\/wp-json\/wp\/v2\/posts\/167355\/revisions\/167357"}],"wp:featuredmedia":[{"embeddable":true,"href":"https:\/\/www.caririemacao.com\/1\/wp-json\/wp\/v2\/media\/167356"}],"wp:attachment":[{"href":"https:\/\/www.caririemacao.com\/1\/wp-json\/wp\/v2\/media?parent=167355"}],"wp:term":[{"taxonomy":"category","embeddable":true,"href":"https:\/\/www.caririemacao.com\/1\/wp-json\/wp\/v2\/categories?post=167355"},{"taxonomy":"post_tag","embeddable":true,"href":"https:\/\/www.caririemacao.com\/1\/wp-json\/wp\/v2\/tags?post=167355"}],"curies":[{"name":"wp","href":"https:\/\/api.w.org\/{rel}","templated":true}]}}