{"id":167366,"date":"2020-05-04T08:47:10","date_gmt":"2020-05-04T11:47:10","guid":{"rendered":"https:\/\/www.caririemacao.com\/1\/?p=167366"},"modified":"2020-05-04T08:47:10","modified_gmt":"2020-05-04T11:47:10","slug":"saude-lanca-acoes-de-cuidado-aos-idosos-em-situacao-de-vulnerabilidade","status":"publish","type":"post","link":"https:\/\/www.caririemacao.com\/1\/2020\/05\/04\/saude-lanca-acoes-de-cuidado-aos-idosos-em-situacao-de-vulnerabilidade\/","title":{"rendered":"Sa\u00fade lan\u00e7a a\u00e7\u00f5es de cuidado aos idosos em situa\u00e7\u00e3o de vulnerabilidade"},"content":{"rendered":"\n<p>O Minist\u00e9rio da Sa\u00fade, em parceria com o Minist\u00e9rio da Mulher, da Fam\u00edlia e dos Direitos Humanos, lan\u00e7ou nesta quinta-feira (30\/04), o Plano Nacional de Conting\u00eancia para o cuidado \u00e0s Pessoas Idosas em Situa\u00e7\u00e3o de Extrema Vulnerabilidade Social. A iniciativa atender\u00e1, prioritariamente, a popula\u00e7\u00e3o idosa vinculada \u00e0s Institui\u00e7\u00f5es de Longa Perman\u00eancia para Idosos (ILPI) e benefici\u00e1rias de programas sociais. Entre as a\u00e7\u00f5es previstas no Plano est\u00e3o a busca ativa realizada por equipes de Sa\u00fade da Fam\u00edlia, o atendimento remoto pelos canais do TeleSUS, a testagem de sintom\u00e1ticos e, se necess\u00e1rio, interna\u00e7\u00e3o hospitalar em situa\u00e7\u00f5es de impossibilidade de isolamento. O&nbsp;investimento para a iniciativa totaliza R$ 136,4 milh\u00f5es, fruto de doa\u00e7\u00f5es da empresa Vale e pool de bancos.<\/p>\n\n\n\n<p>\u201cIsso \u00e9 uma a\u00e7\u00e3o combinada do Minist\u00e9rio da Sa\u00fade com os munic\u00edpios. Tudo que temos feito n\u00e3o visa s\u00f3 abordar a crise da COVID-19. Trabalhamos sempre com a ideia do que podemos deixar, a partir das mudan\u00e7as que estamos fazendo, que seja um legado para a sociedade, para que tenhamos um sistema de sa\u00fade melhor depois que isso tudo acabar\u201d, destacou o ministro da Sa\u00fade, Nelson Teich.<\/p>\n\n\n\n<p>As a\u00e7\u00f5es ser\u00e3o desenvolvidas no \u00e2mbito da Aten\u00e7\u00e3o Prim\u00e1ria \u00e0 Sa\u00fade, respons\u00e1vel pela avalia\u00e7\u00e3o de risco e coordena\u00e7\u00e3o do cuidado na identifica\u00e7\u00e3o de sinais e sintomas, promo\u00e7\u00e3o de isolamento e identifica\u00e7\u00e3o de gravidade cl\u00ednica. A testagem ser\u00e1 realizada, preferencialmente, nos idosos que apresentarem sinais e sintomas compat\u00edveis com s\u00edndrome gripal, independentemente de sua vincula\u00e7\u00e3o institucional. Todos os munic\u00edpios recebem testes proporcionais ao p\u00fablico alvo, nesse caso, de idosos que apresentem sintomas gripais.<\/p>\n\n\n\n<p>A medida visa atender as pessoas idosas residentes em ILPIs, principalmente aquelas vinculadas ao Sistema \u00danico de Assist\u00eancia Social (SUAS) e integrantes do Cadastro \u00danico da Assist\u00eancia Social (CAD\u00danico), benefici\u00e1rias do Programa Bolsa Fam\u00edlia (PBF) e do Benef\u00edcio de Presta\u00e7\u00e3o Continuada (BPC), que encontram-se em situa\u00e7\u00e3o de vulnerabilidade, decorrentes da idade avan\u00e7ada, da maior presen\u00e7a de comorbidades, do compartilhamento de ambientes coletivos e da depend\u00eancia para a realiza\u00e7\u00e3o de atividades di\u00e1rias.<\/p>\n\n\n\n<p>Para identificar esses idosos em situa\u00e7\u00e3o de extrema vulnerabilidade inscritos no CAD\u00danico, os minist\u00e9rios da Sa\u00fade e Cidadania integrar\u00e3o as bases de dados para cruzamento de informa\u00e7\u00f5es das equipes de Sa\u00fade da Fam\u00edlia, respons\u00e1veis pelo acompanhamento destes idosos.<\/p>\n\n\n\n<p>Atualmente, no Brasil, existem aproximadamente 78.200 idosos vinculados a institui\u00e7\u00f5es de acolhimento e ILPI, al\u00e9m de cerca de 31.720 colaboradores, entre cuidadores e outros profissionais. As pessoas institucionalizadas apresentam tanto o risco individual, decorrente da maior agressividade da COVID-19 entre esse grupo, quanto a exposi\u00e7\u00e3o consequente do conv\u00edvio nas ILPI, nas quais se lidam frequentemente com espa\u00e7os coletivos e aglomera\u00e7\u00f5es no uso de \u00e1reas comuns.<\/p>\n\n\n\n<p><strong><em>Por Nicole Beraldo, da Ag\u00eancia <\/em><\/strong><\/p>\n","protected":false},"excerpt":{"rendered":"<p>O Minist\u00e9rio da Sa\u00fade, em parceria com o Minist\u00e9rio da Mulher, da Fam\u00edlia e dos Direitos Humanos, lan\u00e7ou nesta quinta-feira (30\/04), o Plano Nacional de&hellip; <\/p>\n","protected":false},"author":1,"featured_media":163990,"comment_status":"closed","ping_status":"closed","sticky":false,"template":"","format":"standard","meta":{"sfsi_plus_gutenberg_text_before_share":"","sfsi_plus_gutenberg_show_text_before_share":"","sfsi_plus_gutenberg_icon_type":"","sfsi_plus_gutenberg_icon_alignemt":"","sfsi_plus_gutenburg_max_per_row":"","footnotes":""},"categories":[16],"tags":[],"class_list":["post-167366","post","type-post","status-publish","format-standard","has-post-thumbnail","hentry","category-saude"],"_links":{"self":[{"href":"https:\/\/www.caririemacao.com\/1\/wp-json\/wp\/v2\/posts\/167366","targetHints":{"allow":["GET"]}}],"collection":[{"href":"https:\/\/www.caririemacao.com\/1\/wp-json\/wp\/v2\/posts"}],"about":[{"href":"https:\/\/www.caririemacao.com\/1\/wp-json\/wp\/v2\/types\/post"}],"author":[{"embeddable":true,"href":"https:\/\/www.caririemacao.com\/1\/wp-json\/wp\/v2\/users\/1"}],"replies":[{"embeddable":true,"href":"https:\/\/www.caririemacao.com\/1\/wp-json\/wp\/v2\/comments?post=167366"}],"version-history":[{"count":1,"href":"https:\/\/www.caririemacao.com\/1\/wp-json\/wp\/v2\/posts\/167366\/revisions"}],"predecessor-version":[{"id":167368,"href":"https:\/\/www.caririemacao.com\/1\/wp-json\/wp\/v2\/posts\/167366\/revisions\/167368"}],"wp:featuredmedia":[{"embeddable":true,"href":"https:\/\/www.caririemacao.com\/1\/wp-json\/wp\/v2\/media\/163990"}],"wp:attachment":[{"href":"https:\/\/www.caririemacao.com\/1\/wp-json\/wp\/v2\/media?parent=167366"}],"wp:term":[{"taxonomy":"category","embeddable":true,"href":"https:\/\/www.caririemacao.com\/1\/wp-json\/wp\/v2\/categories?post=167366"},{"taxonomy":"post_tag","embeddable":true,"href":"https:\/\/www.caririemacao.com\/1\/wp-json\/wp\/v2\/tags?post=167366"}],"curies":[{"name":"wp","href":"https:\/\/api.w.org\/{rel}","templated":true}]}}