{"id":167369,"date":"2020-05-04T08:51:11","date_gmt":"2020-05-04T11:51:11","guid":{"rendered":"https:\/\/www.caririemacao.com\/1\/?p=167369"},"modified":"2020-05-04T08:51:13","modified_gmt":"2020-05-04T11:51:13","slug":"gremio-e-internacional-voltam-aos-treinos-no-inicio-da-semana","status":"publish","type":"post","link":"https:\/\/www.caririemacao.com\/1\/2020\/05\/04\/gremio-e-internacional-voltam-aos-treinos-no-inicio-da-semana\/","title":{"rendered":"Gr\u00eamio e Internacional voltam aos treinos no in\u00edcio da semana"},"content":{"rendered":"\n<h3 class=\"wp-block-heading\"><\/h3>\n\n\n\n<hr class=\"wp-block-separator\"\/>\n\n\n\n<p>Ainda em meio \u00e0 crise provocada pela pandemia de covid-19, os principais times do futebol brasileiro sinalizam a volta \u00e0s atividades. Os ga\u00fachos ser\u00e3o os primeiros a se reapresentarem. Com autoriza\u00e7\u00e3o da Prefeitura de Porto Alegre, a dupla Gr\u00eamio e Internacional recome\u00e7a os treinos presenciais esta semana: nesta segunda-feira (4), a comiss\u00e3o t\u00e9cnica do Colorado e os funcion\u00e1rios do Tricolor se apresentam; na ter\u00e7a-feira (5) ser\u00e1 a vez dos jogadores de ambos os times.<\/p>\n\n\n\n<p>Seis equipes j\u00e1 trabalham com os jogadores, mas virtualmente: Bahia, Botafogo, Bragantino, Coritiba, Flamengo, Fluminense e RB Bragantino. Os clubes j\u00e1 divulgaram exerc\u00edcios a serem feitos pelos atletas, separadamente, mas j\u00e1 com hor\u00e1rios definidos. O Flamengo, inclusive, j\u00e1 est\u00e1 testando funcion\u00e1rios e atletas para covid-19, aguardando apenas a libera\u00e7\u00e3o de autoridades de sa\u00fade do Rio de Janeiro para voltar a trabalhar no Ninho do Urubu.<\/p>\n\n\n\n<p>A volta ao trabalho combina com o interesse do Minist\u00e9rio da Sa\u00fade, que em carta enviada aos clubes e \u00e0 CBF se manifestou favor\u00e1vel \u00e0 volta do futebol. O documento ressalta que os jogos, sem a presen\u00e7a de p\u00fablico e com transmiss\u00e3o pela TV, ajudariam a reduzir a presen\u00e7a de pessoas nas ruas, ampliando as taxas de isolamento social. No entanto, a pasta ressalta que caberia a cada Secretaria Estadual de Sa\u00fade definir que tipo de atividades esportivas podem ser realizadas em cada federa\u00e7\u00e3o.<\/p>\n\n\n\n<p>A CBF confirma que a finaliza\u00e7\u00e3o dos Estaduais \u00e9 importante porque, s\u00f3 ap\u00f3s o complemento dessas competi\u00e7\u00f5es, ter\u00e1 in\u00edcio o Brasileir\u00e3o. O secret\u00e1rio-geral da CBF, Walter Feldman, reconhece que n\u00e3o cabe \u00e0 entidade definir datas, mas diz achar importante a volta aos treinos para que os jogadores estejam prontos o quanto antes para quando o futebol for liberado.<\/p>\n\n\n\n<p>Mas apesar do movimento de retorno, o Campeonato Mineiro n\u00e3o dever\u00e1 retornar antes do fim de junho. Em entrevista \u00e0 R\u00e1dio Itatiaia, o presidente da Federa\u00e7\u00e3o Mineira, Adriano Aro, confirmou essa informa\u00e7\u00e3o no \u00faltimo s\u00e1bado (2).<\/p>\n","protected":false},"excerpt":{"rendered":"<p>Ainda em meio \u00e0 crise provocada pela pandemia de covid-19, os principais times do futebol brasileiro sinalizam a volta \u00e0s atividades. Os ga\u00fachos ser\u00e3o os&hellip; <\/p>\n","protected":false},"author":2,"featured_media":167370,"comment_status":"closed","ping_status":"closed","sticky":false,"template":"","format":"standard","meta":{"sfsi_plus_gutenberg_text_before_share":"","sfsi_plus_gutenberg_show_text_before_share":"","sfsi_plus_gutenberg_icon_type":"","sfsi_plus_gutenberg_icon_alignemt":"","sfsi_plus_gutenburg_max_per_row":"","footnotes":""},"categories":[2],"tags":[],"class_list":["post-167369","post","type-post","status-publish","format-standard","has-post-thumbnail","hentry","category-geral"],"_links":{"self":[{"href":"https:\/\/www.caririemacao.com\/1\/wp-json\/wp\/v2\/posts\/167369","targetHints":{"allow":["GET"]}}],"collection":[{"href":"https:\/\/www.caririemacao.com\/1\/wp-json\/wp\/v2\/posts"}],"about":[{"href":"https:\/\/www.caririemacao.com\/1\/wp-json\/wp\/v2\/types\/post"}],"author":[{"embeddable":true,"href":"https:\/\/www.caririemacao.com\/1\/wp-json\/wp\/v2\/users\/2"}],"replies":[{"embeddable":true,"href":"https:\/\/www.caririemacao.com\/1\/wp-json\/wp\/v2\/comments?post=167369"}],"version-history":[{"count":1,"href":"https:\/\/www.caririemacao.com\/1\/wp-json\/wp\/v2\/posts\/167369\/revisions"}],"predecessor-version":[{"id":167371,"href":"https:\/\/www.caririemacao.com\/1\/wp-json\/wp\/v2\/posts\/167369\/revisions\/167371"}],"wp:featuredmedia":[{"embeddable":true,"href":"https:\/\/www.caririemacao.com\/1\/wp-json\/wp\/v2\/media\/167370"}],"wp:attachment":[{"href":"https:\/\/www.caririemacao.com\/1\/wp-json\/wp\/v2\/media?parent=167369"}],"wp:term":[{"taxonomy":"category","embeddable":true,"href":"https:\/\/www.caririemacao.com\/1\/wp-json\/wp\/v2\/categories?post=167369"},{"taxonomy":"post_tag","embeddable":true,"href":"https:\/\/www.caririemacao.com\/1\/wp-json\/wp\/v2\/tags?post=167369"}],"curies":[{"name":"wp","href":"https:\/\/api.w.org\/{rel}","templated":true}]}}