{"id":167373,"date":"2020-05-04T08:55:41","date_gmt":"2020-05-04T11:55:41","guid":{"rendered":"https:\/\/www.caririemacao.com\/1\/?p=167373"},"modified":"2020-05-04T08:55:43","modified_gmt":"2020-05-04T11:55:43","slug":"covid-19-comecam-hoje-as-inscricoes-para-contratacao-de-empresas-credenciadas-ao-sus-para-prestacao-de-servicos-medicos-na-paraiba","status":"publish","type":"post","link":"https:\/\/www.caririemacao.com\/1\/2020\/05\/04\/covid-19-comecam-hoje-as-inscricoes-para-contratacao-de-empresas-credenciadas-ao-sus-para-prestacao-de-servicos-medicos-na-paraiba\/","title":{"rendered":"Covid-19: come\u00e7am hoje as inscri\u00e7\u00f5es para contrata\u00e7\u00e3o de empresas credenciadas ao SUS para presta\u00e7\u00e3o de servi\u00e7os m\u00e9dicos na Para\u00edba"},"content":{"rendered":"\n<h1 class=\"wp-block-heading\"><\/h1>\n\n\n\n<p>Come\u00e7am nesta segunda-feira (4), as inscri\u00e7\u00f5es para a&nbsp;chamada p\u00fablica para contrata\u00e7\u00e3o de empresas credenciadas ao SUS para presta\u00e7\u00e3o de servi\u00e7os m\u00e9dicos nas especialidades obstetr\u00edcia, cl\u00ednica m\u00e9dica, anestesiologia, intensivista, pediatria e emergencista. A contrata\u00e7\u00e3o no valor de R$ 3,6 milh\u00f5es, visa refor\u00e7ar as a\u00e7\u00f5es de enfrentamento a Covid-19.<br><a href=\"https:\/\/www.clickpb.com.br\/media\/filer_public\/cb\/74\/cb744635-6a95-4c7a-8442-a17b116b08f7\/edital_03.pdf\">Confira o edital<\/a><\/p>\n\n\n\n<p>A presta\u00e7\u00e3o dos servi\u00e7os ser\u00e1 no Hospital Frei Dami\u00e3o, em Jo\u00e3o Pessoa; Hospital Metropolitano Dom Jos\u00e9 Maria Pires, em Santa Rita; Hospital Estadual de Emerg\u00eancia e Trauma Dom Luiz Gonzaga, em Campina Grande. Al\u00e9m disso, tamb\u00e9m haver\u00e1 presta\u00e7\u00e3o de servi\u00e7o nos munic\u00edpios inseridos no Plano de Enfrentamento da covid-19: Jo\u00e3o Pessoa, Campina Grande, Patos e Cajazeiras.<\/p>\n\n\n\n<p>As inscri\u00e7\u00f5es podem ser feitas no link&nbsp;<a href=\"https:\/\/bit.ly\/2KXk4kk\">https:\/\/bit.ly\/2KXk4kk<\/a>,&nbsp;at\u00e9 a pr\u00f3xima quinta-feira (7).&nbsp;Os prazos dos contratos ser\u00e3o de seis meses, podendo ser prorrogados sucessivas vezes pelo mesmo per\u00edodo, conforme a necessidade.<\/p>\n\n\n\n<p>O resultado final deve sair no dia 15 de maio.<\/p>\n","protected":false},"excerpt":{"rendered":"<p>Come\u00e7am nesta segunda-feira (4), as inscri\u00e7\u00f5es para a&nbsp;chamada p\u00fablica para contrata\u00e7\u00e3o de empresas credenciadas ao SUS para presta\u00e7\u00e3o de servi\u00e7os m\u00e9dicos nas especialidades obstetr\u00edcia, cl\u00ednica&hellip; <\/p>\n","protected":false},"author":2,"featured_media":167374,"comment_status":"closed","ping_status":"closed","sticky":false,"template":"","format":"standard","meta":{"sfsi_plus_gutenberg_text_before_share":"","sfsi_plus_gutenberg_show_text_before_share":"","sfsi_plus_gutenberg_icon_type":"","sfsi_plus_gutenberg_icon_alignemt":"","sfsi_plus_gutenburg_max_per_row":"","footnotes":""},"categories":[2],"tags":[],"class_list":["post-167373","post","type-post","status-publish","format-standard","has-post-thumbnail","hentry","category-geral"],"_links":{"self":[{"href":"https:\/\/www.caririemacao.com\/1\/wp-json\/wp\/v2\/posts\/167373","targetHints":{"allow":["GET"]}}],"collection":[{"href":"https:\/\/www.caririemacao.com\/1\/wp-json\/wp\/v2\/posts"}],"about":[{"href":"https:\/\/www.caririemacao.com\/1\/wp-json\/wp\/v2\/types\/post"}],"author":[{"embeddable":true,"href":"https:\/\/www.caririemacao.com\/1\/wp-json\/wp\/v2\/users\/2"}],"replies":[{"embeddable":true,"href":"https:\/\/www.caririemacao.com\/1\/wp-json\/wp\/v2\/comments?post=167373"}],"version-history":[{"count":1,"href":"https:\/\/www.caririemacao.com\/1\/wp-json\/wp\/v2\/posts\/167373\/revisions"}],"predecessor-version":[{"id":167375,"href":"https:\/\/www.caririemacao.com\/1\/wp-json\/wp\/v2\/posts\/167373\/revisions\/167375"}],"wp:featuredmedia":[{"embeddable":true,"href":"https:\/\/www.caririemacao.com\/1\/wp-json\/wp\/v2\/media\/167374"}],"wp:attachment":[{"href":"https:\/\/www.caririemacao.com\/1\/wp-json\/wp\/v2\/media?parent=167373"}],"wp:term":[{"taxonomy":"category","embeddable":true,"href":"https:\/\/www.caririemacao.com\/1\/wp-json\/wp\/v2\/categories?post=167373"},{"taxonomy":"post_tag","embeddable":true,"href":"https:\/\/www.caririemacao.com\/1\/wp-json\/wp\/v2\/tags?post=167373"}],"curies":[{"name":"wp","href":"https:\/\/api.w.org\/{rel}","templated":true}]}}