{"id":167389,"date":"2020-05-04T10:15:00","date_gmt":"2020-05-04T13:15:00","guid":{"rendered":"https:\/\/www.caririemacao.com\/1\/?p=167389"},"modified":"2020-05-04T10:15:01","modified_gmt":"2020-05-04T13:15:01","slug":"paroquia-de-n-sra-das-dores-faz-doacao-de-mascaras-ao-hospital-regional-santa-filomena-e-upa-de-monteiro","status":"publish","type":"post","link":"https:\/\/www.caririemacao.com\/1\/2020\/05\/04\/paroquia-de-n-sra-das-dores-faz-doacao-de-mascaras-ao-hospital-regional-santa-filomena-e-upa-de-monteiro\/","title":{"rendered":"Par\u00f3quia de N. Sra. das Dores faz doa\u00e7\u00e3o de m\u00e1scaras ao Hospital Regional Santa Filomena e UPA de Monteiro"},"content":{"rendered":"\n<p>Nesta segunda-feira, 04\/05\/2020, a Par\u00f3quia de Nossa Senhora das Dores, representada pelo seu P\u00e1roco, o Pe Isaias Rodrigues, realizou uma entrega de m\u00e1scaras protetoras para as institui\u00e7\u00f5es de sa\u00fade da cidade. Foram entregues a quantidade de 1.000 para o Hospital Regional Santa Filomena e 500 para a UPA.<\/p>\n\n\n\n<p>Em meio \u00e0 situa\u00e7\u00f5es de crise e de sofrimento, a Igreja sempre tem assumido uma papel de ser luz e sinal de amor de Deus no mundo.<\/p>\n\n\n\n<p>&#8220;Desejamos for\u00e7a, preces e ora\u00e7\u00f5es a todos que est\u00e3o na linha de frente (Profissionais de Sa\u00fade) para que possamos juntos vencermos todo esse mal que nos rodeia&#8221;, desejou o padre Isaias.<\/p>\n","protected":false},"excerpt":{"rendered":"<p>Nesta segunda-feira, 04\/05\/2020, a Par\u00f3quia de Nossa Senhora das Dores, representada pelo seu P\u00e1roco, o Pe Isaias Rodrigues, realizou uma entrega de m\u00e1scaras protetoras para&hellip; <\/p>\n","protected":false},"author":1,"featured_media":167390,"comment_status":"closed","ping_status":"closed","sticky":false,"template":"","format":"standard","meta":{"sfsi_plus_gutenberg_text_before_share":"","sfsi_plus_gutenberg_show_text_before_share":"","sfsi_plus_gutenberg_icon_type":"","sfsi_plus_gutenberg_icon_alignemt":"","sfsi_plus_gutenburg_max_per_row":"","footnotes":""},"categories":[50,2],"tags":[],"class_list":["post-167389","post","type-post","status-publish","format-standard","has-post-thumbnail","hentry","category-destaque","category-geral"],"_links":{"self":[{"href":"https:\/\/www.caririemacao.com\/1\/wp-json\/wp\/v2\/posts\/167389","targetHints":{"allow":["GET"]}}],"collection":[{"href":"https:\/\/www.caririemacao.com\/1\/wp-json\/wp\/v2\/posts"}],"about":[{"href":"https:\/\/www.caririemacao.com\/1\/wp-json\/wp\/v2\/types\/post"}],"author":[{"embeddable":true,"href":"https:\/\/www.caririemacao.com\/1\/wp-json\/wp\/v2\/users\/1"}],"replies":[{"embeddable":true,"href":"https:\/\/www.caririemacao.com\/1\/wp-json\/wp\/v2\/comments?post=167389"}],"version-history":[{"count":1,"href":"https:\/\/www.caririemacao.com\/1\/wp-json\/wp\/v2\/posts\/167389\/revisions"}],"predecessor-version":[{"id":167391,"href":"https:\/\/www.caririemacao.com\/1\/wp-json\/wp\/v2\/posts\/167389\/revisions\/167391"}],"wp:featuredmedia":[{"embeddable":true,"href":"https:\/\/www.caririemacao.com\/1\/wp-json\/wp\/v2\/media\/167390"}],"wp:attachment":[{"href":"https:\/\/www.caririemacao.com\/1\/wp-json\/wp\/v2\/media?parent=167389"}],"wp:term":[{"taxonomy":"category","embeddable":true,"href":"https:\/\/www.caririemacao.com\/1\/wp-json\/wp\/v2\/categories?post=167389"},{"taxonomy":"post_tag","embeddable":true,"href":"https:\/\/www.caririemacao.com\/1\/wp-json\/wp\/v2\/tags?post=167389"}],"curies":[{"name":"wp","href":"https:\/\/api.w.org\/{rel}","templated":true}]}}