{"id":167392,"date":"2020-05-04T10:31:39","date_gmt":"2020-05-04T13:31:39","guid":{"rendered":"https:\/\/www.caririemacao.com\/1\/?p=167392"},"modified":"2020-05-04T10:32:43","modified_gmt":"2020-05-04T13:32:43","slug":"trio-armado-assalta-homem-na-zona-rural-do-congo","status":"publish","type":"post","link":"https:\/\/www.caririemacao.com\/1\/2020\/05\/04\/trio-armado-assalta-homem-na-zona-rural-do-congo\/","title":{"rendered":"Trio armado assalta homem na zona rural do Congo"},"content":{"rendered":"\n<p>Tr\u00eas homens armados assaltaram um homem de 61 anos na noite deste s\u00e1bado (02), no s\u00edtio Po\u00e7o Cumprido, no munic\u00edpio do Congo, no Cariri Paraibano.<\/p>\n\n\n\n<p>De acordo com informa\u00e7\u00f5es, o trio chegou no local e anunciou o assalto, subtraindo do idoso uma quantia de aproximadamente R$ 600 reais e um aparelho celular.<\/p>\n\n\n\n<p>A Pol\u00edcia Militar foi acionada e realizou dilig\u00eancias, sem \u00eaxito at\u00e9 o momento.<\/p>\n\n\n\n<p>Com de Olho no Cariri<\/p>\n","protected":false},"excerpt":{"rendered":"<p>Tr\u00eas homens armados assaltaram um homem de 61 anos na noite deste s\u00e1bado (02), no s\u00edtio Po\u00e7o Cumprido, no munic\u00edpio do Congo, no Cariri Paraibano.&hellip; <\/p>\n","protected":false},"author":1,"featured_media":167393,"comment_status":"closed","ping_status":"closed","sticky":false,"template":"","format":"standard","meta":{"sfsi_plus_gutenberg_text_before_share":"","sfsi_plus_gutenberg_show_text_before_share":"","sfsi_plus_gutenberg_icon_type":"","sfsi_plus_gutenberg_icon_alignemt":"","sfsi_plus_gutenburg_max_per_row":"","footnotes":""},"categories":[12],"tags":[],"class_list":["post-167392","post","type-post","status-publish","format-standard","has-post-thumbnail","hentry","category-policia"],"_links":{"self":[{"href":"https:\/\/www.caririemacao.com\/1\/wp-json\/wp\/v2\/posts\/167392","targetHints":{"allow":["GET"]}}],"collection":[{"href":"https:\/\/www.caririemacao.com\/1\/wp-json\/wp\/v2\/posts"}],"about":[{"href":"https:\/\/www.caririemacao.com\/1\/wp-json\/wp\/v2\/types\/post"}],"author":[{"embeddable":true,"href":"https:\/\/www.caririemacao.com\/1\/wp-json\/wp\/v2\/users\/1"}],"replies":[{"embeddable":true,"href":"https:\/\/www.caririemacao.com\/1\/wp-json\/wp\/v2\/comments?post=167392"}],"version-history":[{"count":2,"href":"https:\/\/www.caririemacao.com\/1\/wp-json\/wp\/v2\/posts\/167392\/revisions"}],"predecessor-version":[{"id":167395,"href":"https:\/\/www.caririemacao.com\/1\/wp-json\/wp\/v2\/posts\/167392\/revisions\/167395"}],"wp:featuredmedia":[{"embeddable":true,"href":"https:\/\/www.caririemacao.com\/1\/wp-json\/wp\/v2\/media\/167393"}],"wp:attachment":[{"href":"https:\/\/www.caririemacao.com\/1\/wp-json\/wp\/v2\/media?parent=167392"}],"wp:term":[{"taxonomy":"category","embeddable":true,"href":"https:\/\/www.caririemacao.com\/1\/wp-json\/wp\/v2\/categories?post=167392"},{"taxonomy":"post_tag","embeddable":true,"href":"https:\/\/www.caririemacao.com\/1\/wp-json\/wp\/v2\/tags?post=167392"}],"curies":[{"name":"wp","href":"https:\/\/api.w.org\/{rel}","templated":true}]}}