{"id":167396,"date":"2020-05-04T10:36:12","date_gmt":"2020-05-04T13:36:12","guid":{"rendered":"https:\/\/www.caririemacao.com\/1\/?p=167396"},"modified":"2020-05-04T10:36:12","modified_gmt":"2020-05-04T13:36:12","slug":"homens-matam-jacare-em-extincao-nas-proximidades-do-acude-de-boqueirao","status":"publish","type":"post","link":"https:\/\/www.caririemacao.com\/1\/2020\/05\/04\/homens-matam-jacare-em-extincao-nas-proximidades-do-acude-de-boqueirao\/","title":{"rendered":"Homens matam jacar\u00e9 em extin\u00e7\u00e3o nas proximidades do a\u00e7ude de Boqueir\u00e3o"},"content":{"rendered":"\n<p>Na noite deste \u00faltimo domingo (03), um v\u00eddeo de uma covarde agress\u00e3o a um jacar\u00e9 viralizou nas redes sociais e deixou a popula\u00e7\u00e3o da regi\u00e3o do Cariri revoltada.<\/p>\n\n\n\n<p>Segundo informa\u00e7\u00f5es, um jacar\u00e9 de papo amarelo apareceu na cidade das \u00e1guas, Boqueir\u00e3o, nas proximidades do t\u00fanel, possivelmente trazido pelas \u00e1guas do a\u00e7ude. Moradores encontraram o animal e infelizmente o mataram.<\/p>\n\n\n\n<p>Toda a agress\u00e3o foi registrada atrav\u00e9s de v\u00eddeos e fotos que rapidamente viralizaram nas redes sociais. At\u00e9 o momento os envolvidos n\u00e3o foram identificados.<\/p>\n\n\n\n<p>O animal ca\u00e7ado \u00e9 o jacar\u00e9-do-papo amarelo, que se encontra em extin\u00e7\u00e3o. Este tipo de a\u00e7\u00e3o \u00e9 crime, com pena de tr\u00eas meses a um ano e multa.<\/p>\n\n\n\n<p><strong>De Olho no Cariri<\/strong><\/p>\n","protected":false},"excerpt":{"rendered":"<p>Na noite deste \u00faltimo domingo (03), um v\u00eddeo de uma covarde agress\u00e3o a um jacar\u00e9 viralizou nas redes sociais e deixou a popula\u00e7\u00e3o da regi\u00e3o&hellip; <\/p>\n","protected":false},"author":1,"featured_media":167397,"comment_status":"closed","ping_status":"closed","sticky":false,"template":"","format":"standard","meta":{"sfsi_plus_gutenberg_text_before_share":"","sfsi_plus_gutenberg_show_text_before_share":"","sfsi_plus_gutenberg_icon_type":"","sfsi_plus_gutenberg_icon_alignemt":"","sfsi_plus_gutenburg_max_per_row":"","footnotes":""},"categories":[6],"tags":[],"class_list":["post-167396","post","type-post","status-publish","format-standard","has-post-thumbnail","hentry","category-cidades"],"_links":{"self":[{"href":"https:\/\/www.caririemacao.com\/1\/wp-json\/wp\/v2\/posts\/167396","targetHints":{"allow":["GET"]}}],"collection":[{"href":"https:\/\/www.caririemacao.com\/1\/wp-json\/wp\/v2\/posts"}],"about":[{"href":"https:\/\/www.caririemacao.com\/1\/wp-json\/wp\/v2\/types\/post"}],"author":[{"embeddable":true,"href":"https:\/\/www.caririemacao.com\/1\/wp-json\/wp\/v2\/users\/1"}],"replies":[{"embeddable":true,"href":"https:\/\/www.caririemacao.com\/1\/wp-json\/wp\/v2\/comments?post=167396"}],"version-history":[{"count":1,"href":"https:\/\/www.caririemacao.com\/1\/wp-json\/wp\/v2\/posts\/167396\/revisions"}],"predecessor-version":[{"id":167398,"href":"https:\/\/www.caririemacao.com\/1\/wp-json\/wp\/v2\/posts\/167396\/revisions\/167398"}],"wp:featuredmedia":[{"embeddable":true,"href":"https:\/\/www.caririemacao.com\/1\/wp-json\/wp\/v2\/media\/167397"}],"wp:attachment":[{"href":"https:\/\/www.caririemacao.com\/1\/wp-json\/wp\/v2\/media?parent=167396"}],"wp:term":[{"taxonomy":"category","embeddable":true,"href":"https:\/\/www.caririemacao.com\/1\/wp-json\/wp\/v2\/categories?post=167396"},{"taxonomy":"post_tag","embeddable":true,"href":"https:\/\/www.caririemacao.com\/1\/wp-json\/wp\/v2\/tags?post=167396"}],"curies":[{"name":"wp","href":"https:\/\/api.w.org\/{rel}","templated":true}]}}