{"id":167399,"date":"2020-05-04T11:40:13","date_gmt":"2020-05-04T14:40:13","guid":{"rendered":"https:\/\/www.caririemacao.com\/1\/?p=167399"},"modified":"2020-05-04T11:40:13","modified_gmt":"2020-05-04T14:40:13","slug":"monteiro-secretaria-de-saude-emite-nota-esclarecendo-a-populacao-sobre-os-casos-confirmados-de-covid-19","status":"publish","type":"post","link":"https:\/\/www.caririemacao.com\/1\/2020\/05\/04\/monteiro-secretaria-de-saude-emite-nota-esclarecendo-a-populacao-sobre-os-casos-confirmados-de-covid-19\/","title":{"rendered":"Monteiro: Secretaria de Sa\u00fade emite nota esclarecendo a popula\u00e7\u00e3o sobre os casos confirmados de Covid-19"},"content":{"rendered":"\n<p><br>A Secretaria Municipal de Sa\u00fade, vem atrav\u00e9s deste esclarecer e prestar informa\u00e7\u00f5es \u00e0 popula\u00e7\u00e3o quanto aos casos de COVID 19 confirmados.<\/p>\n\n\n\n<p>O primeiro caso trata-se de um paciente do sexo masculino, de 55 anos, residente em Monteiro \u2013 PB, caminhoneiro, chegou de viagem do Piau\u00ed no dia 25\/04\/2020, apresentando dispn\u00e9ia (cansa\u00e7o), tosse e febre. Foi encaminhado para realiza\u00e7\u00e3o de teste r\u00e1pido no CEMED no dia 30\/04\/2020 com resultado POSITIVO.<\/p>\n\n\n\n<p>O paciente tem hist\u00f3rico de hipertens\u00e3o e diabetes, foi encaminhado imediatamente ao Hospital Regional Santa Filomena, ficando em ala de isolamento para COVID 19 e posteriormente transferido para o Hospital Municipal Pedro I (Campina Grande \u2013 PB).<\/p>\n\n\n\n<p>O segundo caso, trata-se de um paciente do sexo masculino, 56 anos, residente em S\u00e3o Paulo \u2013 SP, caminhoneiro, chegou de viagem do Piau\u00ed no dia 30\/04\/2020, apresentando dispn\u00e9ia (cansa\u00e7o), astenia (fraqueza), febre e tosse.<\/p>\n\n\n\n<p>O paciente tem hist\u00f3rico de hipertens\u00e3o, diabetes e doen\u00e7a de Chagas, procurou o Hospital Regional Santa Filomena no dia 01\/05\/2020, foi submetido a testagem r\u00e1pida com resultado POSITIVO, ficando internado em leito de isolamento para COVID 19. Recebeu alta no dia 02\/05\/2020 para concluir a quarentena em domic\u00edlio.<\/p>\n\n\n\n<p>O Munic\u00edpio, atrav\u00e9s do setor de Vigil\u00e2ncia Epidemiol\u00f3gica, entrou em contato com os familiares dos pacientes, comunicou os resultados e procedeu com investiga\u00e7\u00e3o epidemiol\u00f3gica dos contatos domiciliares, notificando a necessidade de isolamento domiciliar dos mesmos que seguir\u00e3o sendo monitorados quanto ao aparecimento de sinais e sintomas.<\/p>\n\n\n\n<p>A Secretaria Municipal de Sa\u00fade refor\u00e7a a import\u00e2ncia do distanciamento social, al\u00e9m de medidas gerais de preven\u00e7\u00e3o, como uso obrigat\u00f3rio de m\u00e1scaras em locais p\u00fablicos, ag\u00eancias banc\u00e1rias, com\u00e9rcios, ruas, transportes, em todos os lugares. N\u00e3o ajude a divulgar FAKE NEWS. Nos sigam nas redes sociais oficial.<\/p>\n","protected":false},"excerpt":{"rendered":"<p>A Secretaria Municipal de Sa\u00fade, vem atrav\u00e9s deste esclarecer e prestar informa\u00e7\u00f5es \u00e0 popula\u00e7\u00e3o quanto aos casos de COVID 19 confirmados. O primeiro caso trata-se&hellip; <\/p>\n","protected":false},"author":1,"featured_media":167400,"comment_status":"closed","ping_status":"closed","sticky":false,"template":"","format":"standard","meta":{"sfsi_plus_gutenberg_text_before_share":"","sfsi_plus_gutenberg_show_text_before_share":"","sfsi_plus_gutenberg_icon_type":"","sfsi_plus_gutenberg_icon_alignemt":"","sfsi_plus_gutenburg_max_per_row":"","footnotes":""},"categories":[6,50],"tags":[],"class_list":["post-167399","post","type-post","status-publish","format-standard","has-post-thumbnail","hentry","category-cidades","category-destaque"],"_links":{"self":[{"href":"https:\/\/www.caririemacao.com\/1\/wp-json\/wp\/v2\/posts\/167399","targetHints":{"allow":["GET"]}}],"collection":[{"href":"https:\/\/www.caririemacao.com\/1\/wp-json\/wp\/v2\/posts"}],"about":[{"href":"https:\/\/www.caririemacao.com\/1\/wp-json\/wp\/v2\/types\/post"}],"author":[{"embeddable":true,"href":"https:\/\/www.caririemacao.com\/1\/wp-json\/wp\/v2\/users\/1"}],"replies":[{"embeddable":true,"href":"https:\/\/www.caririemacao.com\/1\/wp-json\/wp\/v2\/comments?post=167399"}],"version-history":[{"count":1,"href":"https:\/\/www.caririemacao.com\/1\/wp-json\/wp\/v2\/posts\/167399\/revisions"}],"predecessor-version":[{"id":167401,"href":"https:\/\/www.caririemacao.com\/1\/wp-json\/wp\/v2\/posts\/167399\/revisions\/167401"}],"wp:featuredmedia":[{"embeddable":true,"href":"https:\/\/www.caririemacao.com\/1\/wp-json\/wp\/v2\/media\/167400"}],"wp:attachment":[{"href":"https:\/\/www.caririemacao.com\/1\/wp-json\/wp\/v2\/media?parent=167399"}],"wp:term":[{"taxonomy":"category","embeddable":true,"href":"https:\/\/www.caririemacao.com\/1\/wp-json\/wp\/v2\/categories?post=167399"},{"taxonomy":"post_tag","embeddable":true,"href":"https:\/\/www.caririemacao.com\/1\/wp-json\/wp\/v2\/tags?post=167399"}],"curies":[{"name":"wp","href":"https:\/\/api.w.org\/{rel}","templated":true}]}}