{"id":167402,"date":"2020-05-04T13:35:51","date_gmt":"2020-05-04T16:35:51","guid":{"rendered":"https:\/\/www.caririemacao.com\/1\/?p=167402"},"modified":"2020-05-04T13:35:52","modified_gmt":"2020-05-04T16:35:52","slug":"bolsonaro-nomeia-rolando-alexandre-de-souza-para-diretor-geral-da-policia-federal","status":"publish","type":"post","link":"https:\/\/www.caririemacao.com\/1\/2020\/05\/04\/bolsonaro-nomeia-rolando-alexandre-de-souza-para-diretor-geral-da-policia-federal\/","title":{"rendered":"Bolsonaro nomeia Rolando Alexandre de Souza para diretor-geral da Pol\u00edcia Federal"},"content":{"rendered":"\n<h1 class=\"wp-block-heading\"><\/h1>\n\n\n\n<p>O presidente Jair Bolsonaro (sem partido) nomeou Rolando Alexandre de Souza para o cargo de diretor-geral da Pol\u00edcia Federal. A decis\u00e3o foi publicada em edi\u00e7\u00e3o extra do Di\u00e1rio Oficial da Uni\u00e3o desta segunda-feira (4).<\/p>\n\n\n\n<p>A escolha de Souza ocorre ap\u00f3s o ministro Alexandre de Moraes do Supremo Tribunal Federal (STF) barrar o nome de Alexandre Ramagem para o cargo de diretor-geral da Pol\u00edcia Federal.<\/p>\n\n\n\n<p>Rolando Alexandre de Souza foi indicado a Bolsonaro pelo pr\u00f3prio Ramagem. Ele \u00e9 atualmente secret\u00e1rio de Planejamento da Ag\u00eancia Brasileira de Intelig\u00eancia (Abin), comandada por Ramagem.<\/p>\n\n\n\n<p>A decis\u00e3o do comando da Pol\u00edcia Federal foi o estopim para a sa\u00edda do ex-ministro da Justi\u00e7a e Seguran\u00e7a P\u00fablica, Sergio Moro. Bolsonaro demitiu Maur\u00edcio Valeixo, indica\u00e7\u00e3o de Moro, da diretoria-geral da Pol\u00edcia Federal. Moro deixou o minist\u00e9rio da Justi\u00e7a e acusou Bolsonaro de querer interferir na atua\u00e7\u00e3o da pol\u00edcia.<\/p>\n\n\n\n<p><strong>LEIA MAIS<\/strong>:&nbsp;<a href=\"https:\/\/www.clickpb.com.br\/politica\/moro-diz-pf-que-bolsonaro-ameacou-demiti-lo-em-reuniao-gravada-em-video-com-outros-ministros-283291.html\">Moro diz \u00e0 PF que Bolsonaro amea\u00e7ou demiti-lo em reuni\u00e3o gravada em v\u00eddeo com outros ministros<\/a><\/p>\n\n\n\n<p>Na manh\u00e3 desta segunda-feira (4), o presidente publicou&nbsp;<a href=\"https:\/\/twitter.com\/jairbolsonaro\/status\/1257295462148771841\">no Twitter<\/a>&nbsp;um trecho da nomea\u00e7\u00e3o. Confira abaixo:<\/p>\n\n\n\n<figure class=\"wp-block-image\"><img decoding=\"async\" data-src=\"https:\/\/www.clickpb.com.br\/media\/filer_public\/90\/82\/9082c4eb-517d-4db8-a09f-afffe5f86079\/exlpjg2wkaii2uh.jpg\" alt=\"\" src=\"data:image\/svg+xml;base64,PHN2ZyB3aWR0aD0iMSIgaGVpZ2h0PSIxIiB4bWxucz0iaHR0cDovL3d3dy53My5vcmcvMjAwMC9zdmciPjwvc3ZnPg==\" class=\"lazyload\" \/><\/figure>\n","protected":false},"excerpt":{"rendered":"<p>O presidente Jair Bolsonaro (sem partido) nomeou Rolando Alexandre de Souza para o cargo de diretor-geral da Pol\u00edcia Federal. A decis\u00e3o foi publicada em edi\u00e7\u00e3o&hellip; <\/p>\n","protected":false},"author":2,"featured_media":167403,"comment_status":"closed","ping_status":"closed","sticky":false,"template":"","format":"standard","meta":{"sfsi_plus_gutenberg_text_before_share":"","sfsi_plus_gutenberg_show_text_before_share":"","sfsi_plus_gutenberg_icon_type":"","sfsi_plus_gutenberg_icon_alignemt":"","sfsi_plus_gutenburg_max_per_row":"","footnotes":""},"categories":[11],"tags":[],"class_list":["post-167402","post","type-post","status-publish","format-standard","has-post-thumbnail","hentry","category-politica"],"_links":{"self":[{"href":"https:\/\/www.caririemacao.com\/1\/wp-json\/wp\/v2\/posts\/167402","targetHints":{"allow":["GET"]}}],"collection":[{"href":"https:\/\/www.caririemacao.com\/1\/wp-json\/wp\/v2\/posts"}],"about":[{"href":"https:\/\/www.caririemacao.com\/1\/wp-json\/wp\/v2\/types\/post"}],"author":[{"embeddable":true,"href":"https:\/\/www.caririemacao.com\/1\/wp-json\/wp\/v2\/users\/2"}],"replies":[{"embeddable":true,"href":"https:\/\/www.caririemacao.com\/1\/wp-json\/wp\/v2\/comments?post=167402"}],"version-history":[{"count":1,"href":"https:\/\/www.caririemacao.com\/1\/wp-json\/wp\/v2\/posts\/167402\/revisions"}],"predecessor-version":[{"id":167404,"href":"https:\/\/www.caririemacao.com\/1\/wp-json\/wp\/v2\/posts\/167402\/revisions\/167404"}],"wp:featuredmedia":[{"embeddable":true,"href":"https:\/\/www.caririemacao.com\/1\/wp-json\/wp\/v2\/media\/167403"}],"wp:attachment":[{"href":"https:\/\/www.caririemacao.com\/1\/wp-json\/wp\/v2\/media?parent=167402"}],"wp:term":[{"taxonomy":"category","embeddable":true,"href":"https:\/\/www.caririemacao.com\/1\/wp-json\/wp\/v2\/categories?post=167402"},{"taxonomy":"post_tag","embeddable":true,"href":"https:\/\/www.caririemacao.com\/1\/wp-json\/wp\/v2\/tags?post=167402"}],"curies":[{"name":"wp","href":"https:\/\/api.w.org\/{rel}","templated":true}]}}