{"id":167424,"date":"2020-05-04T14:20:35","date_gmt":"2020-05-04T17:20:35","guid":{"rendered":"https:\/\/www.caririemacao.com\/1\/?p=167424"},"modified":"2020-05-04T14:20:36","modified_gmt":"2020-05-04T17:20:36","slug":"casos-de-covid-19-no-mundo-ultrapassam-35-milhoes","status":"publish","type":"post","link":"https:\/\/www.caririemacao.com\/1\/2020\/05\/04\/casos-de-covid-19-no-mundo-ultrapassam-35-milhoes\/","title":{"rendered":"Casos de covid-19 no mundo ultrapassam 3,5 milh\u00f5es"},"content":{"rendered":"\n<p>Os casos de coronav\u00edrus no mundo passaram de 3,5 milh\u00f5es nesta segunda-feira (4), e as mortes se aproximaram de 250 mil, de acordo com uma contagem da Reuters, o que leva especialistas a temerem uma defasagem consider\u00e1vel de relatos, apesar de a taxa de mortes e casos novos estar desacelerando.<\/p>\n\n\n\n<p>Pa\u00edses da Am\u00e9rica do Norte e da Europa, onde as taxas de crescimento da contamina\u00e7\u00e3o est\u00e3o diminuindo, ainda respondem pela maioria das novas&nbsp;infec\u00e7\u00f5es relatadas nos \u00faltimos dias.<\/p>\n\n\n\n<p>Mas a quantidade de casos est\u00e1 aumentando na Am\u00e9rica Latina, \u00c1frica e R\u00fassia, e especialistas expressaram o receio de que os dados gerais estejam muito aqu\u00e9m do verdadeiro impacto da pandemia.<\/p>\n\n\n\n<p>Globalmente, surgiram 74.779 casos novos nas \u00faltimas 24 horas, segundo uma contagem da Reuters que se baseia em dados oficiais de governos &#8211;&nbsp;o que eleva o total de casos para cerca de 3,52 milh\u00f5es.<\/p>\n\n\n\n<h2 class=\"wp-block-heading\">Outras gripes<\/h2>\n\n\n\n<p>Em compara\u00e7\u00e3o, a gripe sazonal anual provoca de 3 a 5 milh\u00f5es de casos de doen\u00e7as graves, de acordo com a Organiza\u00e7\u00e3o Mundial da Sa\u00fade (OMS), mas a cifra ainda fica bem abaixo da gripe espanhola, que come\u00e7ou em 1918 e infectou cerca de 500 milh\u00f5es de pessoas.<\/p>\n\n\n\n<p>&#8220;Ainda temos que ser c\u00e9ticos com os n\u00fameros que recebemos&#8221;, disse Peter Collignon, m\u00e9dico especialista em doen\u00e7as infecciosas e microbiologista do Hospital de Canberra, \u00e0 Reuters. &#8220;Isto \u00e9 um problema enorme&#8221;.<\/p>\n\n\n\n<p>&#8220;A taxa de mortalidade tamb\u00e9m \u00e9 dez&nbsp;vezes mais alta do que a da gripe em todas as faixas et\u00e1rias&#8221;, relatou Collignon.<\/p>\n\n\n\n<p>Os casos podem provocar somente sintomas leves e nem todas a pessoas com sintomas s\u00e3o examinadas, e a maioria dos pa\u00edses s\u00f3 registra mortes nos hospitais, o que significa que falecimentos em resid\u00eancias e casas de repouso ainda n\u00e3o foram inclu\u00eddos.<\/p>\n\n\n\n<h2 class=\"wp-block-heading\">Mortes, isolamento e impacto econ\u00f4mico<\/h2>\n\n\n\n<p>As mortes relacionadas \u00e0 covid-19, a doen\u00e7a causada pelo novo v\u00edrus, est\u00e3o em 246.920. A primeira delas ocorreu no dia 10 de janeiro em Wuhan, na China, onde o v\u00edrus surgiu em dezembro.<\/p>\n\n\n\n<p>A taxa di\u00e1ria de casos novos em todo o mundo ficou em torno de 2% a 3% na semana passada, tendo tido um pico de cerca de 13% em meados de mar\u00e7o, o que levou muitas na\u00e7\u00f5es a come\u00e7arem a afrouxar as medidas de isolamento que transtornaram os neg\u00f3cios e abalaram a economia global.<\/p>\n\n\n\n<p>Mas o relaxamento das restri\u00e7\u00f5es causa pol\u00eamica enquanto os especialistas debatem a melhor estrat\u00e9gia para impedir uma grande &#8220;segunda onda&#8221; do surto.<\/p>\n\n\n\n<p>&#8220;Poder\u00edamos facilmente ter uma segunda ou terceira onda porque muitos lugares n\u00e3o est\u00e3o imunes&#8221;, alertou Collignon, observando que o mundo est\u00e1 distante de uma imunidade de rebanho, que exige que cerca de 60% da popula\u00e7\u00e3o tenha se recuperado da doen\u00e7a.<\/p>\n","protected":false},"excerpt":{"rendered":"<p>Os casos de coronav\u00edrus no mundo passaram de 3,5 milh\u00f5es nesta segunda-feira (4), e as mortes se aproximaram de 250 mil, de acordo com uma&hellip; <\/p>\n","protected":false},"author":2,"featured_media":155685,"comment_status":"closed","ping_status":"closed","sticky":false,"template":"","format":"standard","meta":{"sfsi_plus_gutenberg_text_before_share":"","sfsi_plus_gutenberg_show_text_before_share":"","sfsi_plus_gutenberg_icon_type":"","sfsi_plus_gutenberg_icon_alignemt":"","sfsi_plus_gutenburg_max_per_row":"","footnotes":""},"categories":[2],"tags":[],"class_list":["post-167424","post","type-post","status-publish","format-standard","has-post-thumbnail","hentry","category-geral"],"_links":{"self":[{"href":"https:\/\/www.caririemacao.com\/1\/wp-json\/wp\/v2\/posts\/167424","targetHints":{"allow":["GET"]}}],"collection":[{"href":"https:\/\/www.caririemacao.com\/1\/wp-json\/wp\/v2\/posts"}],"about":[{"href":"https:\/\/www.caririemacao.com\/1\/wp-json\/wp\/v2\/types\/post"}],"author":[{"embeddable":true,"href":"https:\/\/www.caririemacao.com\/1\/wp-json\/wp\/v2\/users\/2"}],"replies":[{"embeddable":true,"href":"https:\/\/www.caririemacao.com\/1\/wp-json\/wp\/v2\/comments?post=167424"}],"version-history":[{"count":1,"href":"https:\/\/www.caririemacao.com\/1\/wp-json\/wp\/v2\/posts\/167424\/revisions"}],"predecessor-version":[{"id":167425,"href":"https:\/\/www.caririemacao.com\/1\/wp-json\/wp\/v2\/posts\/167424\/revisions\/167425"}],"wp:featuredmedia":[{"embeddable":true,"href":"https:\/\/www.caririemacao.com\/1\/wp-json\/wp\/v2\/media\/155685"}],"wp:attachment":[{"href":"https:\/\/www.caririemacao.com\/1\/wp-json\/wp\/v2\/media?parent=167424"}],"wp:term":[{"taxonomy":"category","embeddable":true,"href":"https:\/\/www.caririemacao.com\/1\/wp-json\/wp\/v2\/categories?post=167424"},{"taxonomy":"post_tag","embeddable":true,"href":"https:\/\/www.caririemacao.com\/1\/wp-json\/wp\/v2\/tags?post=167424"}],"curies":[{"name":"wp","href":"https:\/\/api.w.org\/{rel}","templated":true}]}}