{"id":167427,"date":"2020-05-04T14:22:56","date_gmt":"2020-05-04T17:22:56","guid":{"rendered":"https:\/\/www.caririemacao.com\/1\/?p=167427"},"modified":"2020-05-04T14:22:58","modified_gmt":"2020-05-04T17:22:58","slug":"prefeito-eden-encaminha-projeto-de-lei-que-prorroga-prazos-de-pagamentos-do-iptu-2020","status":"publish","type":"post","link":"https:\/\/www.caririemacao.com\/1\/2020\/05\/04\/prefeito-eden-encaminha-projeto-de-lei-que-prorroga-prazos-de-pagamentos-do-iptu-2020\/","title":{"rendered":"Prefeito \u00c9den encaminha projeto de lei que prorroga prazos de pagamentos do IPTU 2020"},"content":{"rendered":"\n<p><a href=\"javascript:void(0);\"><\/a><\/p>\n\n\n\n<p>O prefeito de Sum\u00e9, \u00c9den Duarte, tem adotado diversas medidas de preven\u00e7\u00e3o ao coronav\u00edrus no munic\u00edpio de Sum\u00e9, e al\u00e9m disso, tem tra\u00e7ado estrat\u00e9gias para ajudar a popula\u00e7\u00e3o a enfrentar as dificuldades que s\u00e3o apresentadas em meio \u00e0 pandemia.<\/p>\n\n\n\n<p>Nesta segunda-feira (04), mais uma medida foi adota pelo prefeito, que encaminhou Projeto de Lei \u00e0 C\u00e2mara de Vereadores prorrogando os prazos de pagamentos do IPTU 2020, sendo uma boa oportunidade para as pessoas que ainda n\u00e3o pagaram o d\u00e9bito.<\/p>\n\n\n\n<p>Os prazos que venciam no final de abril, maio e junho, foram estendidos por mais 30 dias.<\/p>\n\n\n\n<p>Com a aprova\u00e7\u00e3o da C\u00e2mara, o calend\u00e1rio para pagamento do IPTU 2020 passar\u00e1 a valer da seguinte forma.<\/p>\n\n\n\n<p>&nbsp;1\u00aa parcela: vencimento em 30 de junho de 2020;<\/p>\n\n\n\n<p>2\u00aa parcela: vencimento 31 de julho de 2020;<\/p>\n\n\n\n<p>3\u00aa parcela: em 31 de agosto de 2020.<\/p>\n\n\n\n<p>H\u00e1 tamb\u00e9m, por op\u00e7\u00e3o do contribuinte, pagamento antecipado da cota integral, no prazo at\u00e9 30 de junho de 2020, ganhando 10% de desconto.<\/p>\n\n\n\n<p>E cota \u00fanica para pagamento integral at\u00e9 31 de agosto de 2020, sem juros.<\/p>\n","protected":false},"excerpt":{"rendered":"<p>O prefeito de Sum\u00e9, \u00c9den Duarte, tem adotado diversas medidas de preven\u00e7\u00e3o ao coronav\u00edrus no munic\u00edpio de Sum\u00e9, e al\u00e9m disso, tem tra\u00e7ado estrat\u00e9gias para&hellip; <\/p>\n","protected":false},"author":2,"featured_media":165099,"comment_status":"closed","ping_status":"closed","sticky":false,"template":"","format":"standard","meta":{"sfsi_plus_gutenberg_text_before_share":"","sfsi_plus_gutenberg_show_text_before_share":"","sfsi_plus_gutenberg_icon_type":"","sfsi_plus_gutenberg_icon_alignemt":"","sfsi_plus_gutenburg_max_per_row":"","footnotes":""},"categories":[6],"tags":[],"class_list":["post-167427","post","type-post","status-publish","format-standard","has-post-thumbnail","hentry","category-cidades"],"_links":{"self":[{"href":"https:\/\/www.caririemacao.com\/1\/wp-json\/wp\/v2\/posts\/167427","targetHints":{"allow":["GET"]}}],"collection":[{"href":"https:\/\/www.caririemacao.com\/1\/wp-json\/wp\/v2\/posts"}],"about":[{"href":"https:\/\/www.caririemacao.com\/1\/wp-json\/wp\/v2\/types\/post"}],"author":[{"embeddable":true,"href":"https:\/\/www.caririemacao.com\/1\/wp-json\/wp\/v2\/users\/2"}],"replies":[{"embeddable":true,"href":"https:\/\/www.caririemacao.com\/1\/wp-json\/wp\/v2\/comments?post=167427"}],"version-history":[{"count":1,"href":"https:\/\/www.caririemacao.com\/1\/wp-json\/wp\/v2\/posts\/167427\/revisions"}],"predecessor-version":[{"id":167428,"href":"https:\/\/www.caririemacao.com\/1\/wp-json\/wp\/v2\/posts\/167427\/revisions\/167428"}],"wp:featuredmedia":[{"embeddable":true,"href":"https:\/\/www.caririemacao.com\/1\/wp-json\/wp\/v2\/media\/165099"}],"wp:attachment":[{"href":"https:\/\/www.caririemacao.com\/1\/wp-json\/wp\/v2\/media?parent=167427"}],"wp:term":[{"taxonomy":"category","embeddable":true,"href":"https:\/\/www.caririemacao.com\/1\/wp-json\/wp\/v2\/categories?post=167427"},{"taxonomy":"post_tag","embeddable":true,"href":"https:\/\/www.caririemacao.com\/1\/wp-json\/wp\/v2\/tags?post=167427"}],"curies":[{"name":"wp","href":"https:\/\/api.w.org\/{rel}","templated":true}]}}