{"id":167430,"date":"2020-05-04T14:24:52","date_gmt":"2020-05-04T17:24:52","guid":{"rendered":"https:\/\/www.caririemacao.com\/1\/?p=167430"},"modified":"2020-05-04T14:24:54","modified_gmt":"2020-05-04T17:24:54","slug":"inscricoes-para-jovem-aprendiz-dos-correios-com-vagas-na-paraiba-sao-prorrogadas-ate-29-de-maio","status":"publish","type":"post","link":"https:\/\/www.caririemacao.com\/1\/2020\/05\/04\/inscricoes-para-jovem-aprendiz-dos-correios-com-vagas-na-paraiba-sao-prorrogadas-ate-29-de-maio\/","title":{"rendered":"Inscri\u00e7\u00f5es para Jovem Aprendiz dos Correios com vagas na Para\u00edba s\u00e3o prorrogadas at\u00e9 29 de maio"},"content":{"rendered":"\n<p>As inscri\u00e7\u00f5es para o Programa Jovem Aprendiz dos Correios 2020 foram prorrogadas. Estudantes de todo o pa\u00eds que tenham entre 14 e 22 anos de idade completos e cursem, no m\u00ednimo, o 6\u00ba (sexto) ano do Ensino Fundamental, agora podem se inscrever at\u00e9 o dia 29 de maio.<\/p>\n\n\n\n<p>At\u00e9 o momento, mais de 386 mil candidatos se cadastraram para concorrer \u00e0s vagas do programa. No entanto, muitos interessados manifestaram dificuldades em obter a autentica\u00e7\u00e3o ou emiss\u00e3o de documentos necess\u00e1rios \u00e0 participa\u00e7\u00e3o no processo seletivo, em fun\u00e7\u00e3o das restri\u00e7\u00f5es de atendimento, por parte de cart\u00f3rios e \u00f3rg\u00e3os p\u00fablicos, nesse momento de conting\u00eancia devido \u00e0 Covid-19. Com a prorroga\u00e7\u00e3o, ser\u00e1 poss\u00edvel aprimorar o processo em algumas localidades.<\/p>\n\n\n\n<p><strong>Como participar<\/strong>&nbsp;&#8211; O edital de 2020 contempla um total de 4.462 vagas, das quais 815 destinam-se a negros e pardos, e 660 a pessoas com defici\u00eancia. Na Para\u00edba,&nbsp;<a href=\"https:\/\/www.clickpb.com.br\/emprego\/concurso\/correios-abrem-nesta-terca-feira-inscricoes-para-jovem-aprendiz-com-46-vagas-na-paraiba-281202.html\">s\u00e3o 46 vagas<\/a>. Os jovens selecionados ter\u00e3o uma jornada semanal de 20 horas e receber\u00e3o o sal\u00e1rio m\u00ednimo-hora, que em valores totais, pelo piso nacional, corresponde a at\u00e9 R$ 490,83 mensais &#8211; al\u00e9m de vale-transporte, vale-refei\u00e7\u00e3o ou alimenta\u00e7\u00e3o e uniforme.<\/p>\n\n\n\n<p>Desde 2011, dezenas de milhares de jovens tiveram a oportunidade de conseguir sua primeira experi\u00eancia profissional na maior empresa p\u00fablica do pa\u00eds; viv\u00eancia pr\u00e1tica aliada ao arcabou\u00e7o te\u00f3rico, na forma de capacita\u00e7\u00e3o oferecida em parceria com o SENAI nas \u00e1reas de administra\u00e7\u00e3o e log\u00edstica. Uma d\u00e9cada de comprometimento da empresa com a sociedade, materializando o objetivo dos Correios de integrar pessoas sempre de olho no futuro. Mais detalhes sobre o Jovem Aprendiz dos Correios 2020 no&nbsp;<a href=\"http:\/\/www2.correios.com.br\/institucional\/concursos\/correios\/default.cfm\">site da empresa<\/a>.<\/p>\n","protected":false},"excerpt":{"rendered":"<p>As inscri\u00e7\u00f5es para o Programa Jovem Aprendiz dos Correios 2020 foram prorrogadas. Estudantes de todo o pa\u00eds que tenham entre 14 e 22 anos de&hellip; <\/p>\n","protected":false},"author":2,"featured_media":163237,"comment_status":"closed","ping_status":"closed","sticky":false,"template":"","format":"standard","meta":{"sfsi_plus_gutenberg_text_before_share":"","sfsi_plus_gutenberg_show_text_before_share":"","sfsi_plus_gutenberg_icon_type":"","sfsi_plus_gutenberg_icon_alignemt":"","sfsi_plus_gutenburg_max_per_row":"","footnotes":""},"categories":[2],"tags":[],"class_list":["post-167430","post","type-post","status-publish","format-standard","has-post-thumbnail","hentry","category-geral"],"_links":{"self":[{"href":"https:\/\/www.caririemacao.com\/1\/wp-json\/wp\/v2\/posts\/167430","targetHints":{"allow":["GET"]}}],"collection":[{"href":"https:\/\/www.caririemacao.com\/1\/wp-json\/wp\/v2\/posts"}],"about":[{"href":"https:\/\/www.caririemacao.com\/1\/wp-json\/wp\/v2\/types\/post"}],"author":[{"embeddable":true,"href":"https:\/\/www.caririemacao.com\/1\/wp-json\/wp\/v2\/users\/2"}],"replies":[{"embeddable":true,"href":"https:\/\/www.caririemacao.com\/1\/wp-json\/wp\/v2\/comments?post=167430"}],"version-history":[{"count":1,"href":"https:\/\/www.caririemacao.com\/1\/wp-json\/wp\/v2\/posts\/167430\/revisions"}],"predecessor-version":[{"id":167431,"href":"https:\/\/www.caririemacao.com\/1\/wp-json\/wp\/v2\/posts\/167430\/revisions\/167431"}],"wp:featuredmedia":[{"embeddable":true,"href":"https:\/\/www.caririemacao.com\/1\/wp-json\/wp\/v2\/media\/163237"}],"wp:attachment":[{"href":"https:\/\/www.caririemacao.com\/1\/wp-json\/wp\/v2\/media?parent=167430"}],"wp:term":[{"taxonomy":"category","embeddable":true,"href":"https:\/\/www.caririemacao.com\/1\/wp-json\/wp\/v2\/categories?post=167430"},{"taxonomy":"post_tag","embeddable":true,"href":"https:\/\/www.caririemacao.com\/1\/wp-json\/wp\/v2\/tags?post=167430"}],"curies":[{"name":"wp","href":"https:\/\/api.w.org\/{rel}","templated":true}]}}