{"id":167433,"date":"2020-05-04T15:29:41","date_gmt":"2020-05-04T18:29:41","guid":{"rendered":"https:\/\/www.caririemacao.com\/1\/?p=167433"},"modified":"2020-05-04T15:29:47","modified_gmt":"2020-05-04T18:29:47","slug":"centro-de-referencia-as-mulheres-do-cariri-em-sume-completa-1-ano-de-funcionamento","status":"publish","type":"post","link":"https:\/\/www.caririemacao.com\/1\/2020\/05\/04\/centro-de-referencia-as-mulheres-do-cariri-em-sume-completa-1-ano-de-funcionamento\/","title":{"rendered":"Centro de Refer\u00eancia \u00e0s Mulheres do Cariri em Sum\u00e9 completa 1 ano de funcionamento"},"content":{"rendered":"\n<h1 class=\"wp-block-heading\"><\/h1>\n\n\n\n<hr class=\"wp-block-separator\"\/>\n\n\n\n<p><a rel=\"noreferrer noopener\" href=\"https:\/\/www.facebook.com\/sharer.php?u=https%3A%2F%2Fwww.vitrinedocariri.com.br%2F2020%2F05%2Fcentro-de-referencia-as-mulheres-do-cariri-em-sume-completa-1-ano-de-funcionamento%2F\" target=\"_blank\"><\/a><a rel=\"noreferrer noopener\" href=\"https:\/\/twitter.com\/share?url=https%3A%2F%2Fwww.vitrinedocariri.com.br%2F2020%2F05%2Fcentro-de-referencia-as-mulheres-do-cariri-em-sume-completa-1-ano-de-funcionamento%2F&amp;text=Acabei%20de%20ver%20Centro%20de%20Refer%C3%AAncia%20%C3%A0s%20Mulheres%20do%20Cariri%20em%20Sum%C3%A9%20completa%201%20ano%20de%20funcionamento%20-%20Clique%20para%20ver%20tamb%C3%A9m%20%E2%98%9B%20\" target=\"_blank\"><\/a><a rel=\"noreferrer noopener\" href=\"\/\/send?text=Centro%20de%20Refer%C3%AAncia%20%C3%A0s%20Mulheres%20do%20Cariri%20em%20Sum%C3%A9%20completa%201%20ano%20de%20funcionamento%20%E2%98%9B%20https%3A%2F%2Fwww.vitrinedocariri.com.br%2F2020%2F05%2Fcentro-de-referencia-as-mulheres-do-cariri-em-sume-completa-1-ano-de-funcionamento%2F\" target=\"_blank\"><\/a><a href=\"javascript:void(0);\"><\/a>O Centro de Refer\u00eancia Intermunicipal de Atendimento \u00e0s Mulheres do Cariri \u2013 Maria Eliane Pereira dos Anjos est\u00e1 completando um ano de funcionamento. O CRIAMC \u00e9 uma parceria firmada entre o Governo do Estado da Para\u00edba, por meio da Secretaria da Mulher e da Diversidade Humana, do Cons\u00f3rcio Intermunicipal de Sa\u00fade do Cariri (Cisco) e est\u00e1 implantado no munic\u00edpio de Sum\u00e9.<\/p>\n\n\n\n<p>O Centro recebeu o nome de Maria Eliane Pereira dos Anjos, em homenagem \u00e0 jovem sumeense \u201cEliane\u201d, assassinada no munic\u00edpio no dia 14 de agosto de 2014; \u00e9 um servi\u00e7o &nbsp;voltado \u00e0s mulheres v\u00edtimas de viol\u00eancia dom\u00e9stica e sexual e tem como objetivo proporcionar medidas de supera\u00e7\u00e3o da situa\u00e7\u00e3o de viol\u00eancia, contribuir para o fortalecimento da mulher e resgate \u00e0 cidadania.<\/p>\n\n\n\n<p>Por meio do Centro de Refer\u00eancia, as mulheres v\u00edtimas de viol\u00eancia dom\u00e9stica e\/ou sexual disp\u00f5em de atendimentos e consultas psicol\u00f3gicas, sociais e jur\u00eddicas, e recebem orienta\u00e7\u00f5es e apoio para enfrentar a viol\u00eancia sofrida, bem como receber medidas protetivas, caso demonstrem interesse.<\/p>\n\n\n\n<p>De acordo com a coordenadora do Centro, Lucineide Pereira, no decorrer de um ano, a equipe do CRIAMC atendeu diversos casos de viol\u00eancia dom\u00e9stica da regi\u00e3o do Cariri, caracterizados em viol\u00eancia f\u00edsica, psicol\u00f3gica, moral, patrimonial e sexual, com um total de 50 prontu\u00e1rios registrados no servi\u00e7o; realizou visitas a 13 munic\u00edpios da regi\u00e3o do Cariri; quatro reuni\u00f5es da rede intermunicipal de atendimento; 32 palestras educativas com um p\u00fablico de 1.467 participantes e ainda realizou algumas capacita\u00e7\u00f5es.<\/p>\n\n\n\n<p>\u201cO CRIAMC mostra-se como um importante instrumento de apoio, acolhimento e fortalecimento da mulher diante de hist\u00f3rias de viol\u00eancias vivenciadas. Sabemos que as institui\u00e7\u00f5es est\u00e3o se fortalecendo para combater essa viol\u00eancia, mas para isso precisamos n\u00e3o fechar os olhos. Se a den\u00fancia ocorre, o Centro tem como dar apoio a essas mulheres\u201d, disse Lucineide.<\/p>\n\n\n\n<p>O dia 04 de maio tamb\u00e9m \u00e9 estabelecido pelo munic\u00edpio de Sum\u00e9 como o dia de Conscientiza\u00e7\u00e3o Municipal de Combate \u00e0 Viol\u00eancia Dom\u00e9stica e Sexual Contra a Mulher, criado pela Lei Municipal n\u00b0 1.320\/2019, atrav\u00e9s de um projeto de Lei de autoria da vereadora Br\u00edgida Xavier e sancionado pelo prefeito \u00c9den.<\/p>\n\n\n\n<div class=\"wp-block-image\"><figure class=\"alignleft\"><img decoding=\"async\" data-src=\"https:\/\/i2.wp.com\/www.vitrinedocariri.com.br\/wp-content\/uploads\/2020\/05\/WhatsApp-Image-2020-05-04-at-12.07.40.jpeg?resize=300%2C300&amp;ssl=1\" alt=\"\" class=\"wp-image-69848 lazyload\" src=\"data:image\/svg+xml;base64,PHN2ZyB3aWR0aD0iMSIgaGVpZ2h0PSIxIiB4bWxucz0iaHR0cDovL3d3dy53My5vcmcvMjAwMC9zdmciPjwvc3ZnPg==\" \/><\/figure><\/div>\n\n\n\n<p>Este dia tem como objetivo principal a promo\u00e7\u00e3o de atividades relacionadas ao combate \u00e0 viol\u00eancia contra a mulher e de interesse familiar que contribuam para coibir e conscientizar a sociedade para o tema.<\/p>\n\n\n\n<p>Importante lembrar que, no \u00faltimo m\u00eas de mar\u00e7o, a Prefeitura de Sum\u00e9 recebeu do Governo do Estado da Para\u00edba, o Selo \u201cPrefeitura Amiga da Mulher\u201d por suas a\u00e7\u00f5es&nbsp;de enfrentamento e combate \u00e0 viol\u00eancia de g\u00eanero e capacita\u00e7\u00f5es visando o empoderamento das mulheres no munic\u00edpio.<\/p>\n\n\n\n<p>O Centro de Refer\u00eancia de Atendimento \u00e0s Mulheres do Cariri atende pelo n\u00famero (83) 99400-7022.<\/p>\n\n\n\n<p>Casos de viol\u00eancia contra a mulher podem ser denunciadas pelos n\u00fameros:<\/p>\n\n\n\n<p>\u2013 190: Disque Den\u00fancia;<\/p>\n\n\n\n<p>\u2013 197: Viol\u00eancia Contra a Mulher;<\/p>\n\n\n\n<p>\u2013 180: Disque Den\u00fancia Nacional;<\/p>\n\n\n\n<p>\u2013 123: Disque Den\u00fancia Estadual.<\/p>\n","protected":false},"excerpt":{"rendered":"<p>O Centro de Refer\u00eancia Intermunicipal de Atendimento \u00e0s Mulheres do Cariri \u2013 Maria Eliane Pereira dos Anjos est\u00e1 completando um ano de funcionamento. O CRIAMC&hellip; <\/p>\n","protected":false},"author":2,"featured_media":167434,"comment_status":"closed","ping_status":"closed","sticky":false,"template":"","format":"standard","meta":{"sfsi_plus_gutenberg_text_before_share":"","sfsi_plus_gutenberg_show_text_before_share":"","sfsi_plus_gutenberg_icon_type":"","sfsi_plus_gutenberg_icon_alignemt":"","sfsi_plus_gutenburg_max_per_row":"","footnotes":""},"categories":[50,2],"tags":[],"class_list":["post-167433","post","type-post","status-publish","format-standard","has-post-thumbnail","hentry","category-destaque","category-geral"],"_links":{"self":[{"href":"https:\/\/www.caririemacao.com\/1\/wp-json\/wp\/v2\/posts\/167433","targetHints":{"allow":["GET"]}}],"collection":[{"href":"https:\/\/www.caririemacao.com\/1\/wp-json\/wp\/v2\/posts"}],"about":[{"href":"https:\/\/www.caririemacao.com\/1\/wp-json\/wp\/v2\/types\/post"}],"author":[{"embeddable":true,"href":"https:\/\/www.caririemacao.com\/1\/wp-json\/wp\/v2\/users\/2"}],"replies":[{"embeddable":true,"href":"https:\/\/www.caririemacao.com\/1\/wp-json\/wp\/v2\/comments?post=167433"}],"version-history":[{"count":1,"href":"https:\/\/www.caririemacao.com\/1\/wp-json\/wp\/v2\/posts\/167433\/revisions"}],"predecessor-version":[{"id":167435,"href":"https:\/\/www.caririemacao.com\/1\/wp-json\/wp\/v2\/posts\/167433\/revisions\/167435"}],"wp:featuredmedia":[{"embeddable":true,"href":"https:\/\/www.caririemacao.com\/1\/wp-json\/wp\/v2\/media\/167434"}],"wp:attachment":[{"href":"https:\/\/www.caririemacao.com\/1\/wp-json\/wp\/v2\/media?parent=167433"}],"wp:term":[{"taxonomy":"category","embeddable":true,"href":"https:\/\/www.caririemacao.com\/1\/wp-json\/wp\/v2\/categories?post=167433"},{"taxonomy":"post_tag","embeddable":true,"href":"https:\/\/www.caririemacao.com\/1\/wp-json\/wp\/v2\/tags?post=167433"}],"curies":[{"name":"wp","href":"https:\/\/api.w.org\/{rel}","templated":true}]}}