{"id":167437,"date":"2020-05-04T15:33:06","date_gmt":"2020-05-04T18:33:06","guid":{"rendered":"https:\/\/www.caririemacao.com\/1\/?p=167437"},"modified":"2020-05-04T15:33:08","modified_gmt":"2020-05-04T18:33:08","slug":"vagas-inss-inicia-inscricoes-para-contratar-servidores-temporarios","status":"publish","type":"post","link":"https:\/\/www.caririemacao.com\/1\/2020\/05\/04\/vagas-inss-inicia-inscricoes-para-contratar-servidores-temporarios\/","title":{"rendered":"Vagas: INSS inicia inscri\u00e7\u00f5es para contratar servidores tempor\u00e1rios"},"content":{"rendered":"\n<h1 class=\"wp-block-heading\"><\/h1>\n\n\n\n<p>Ao todo ser\u00e3o 8.230 vagas para atendimento ao p\u00fablico nas ag\u00eancias do INSS e no apoio operacional, 255 vagas para SMPF (Subsecretaria de Per\u00edcia M\u00e9dica Federal), 235 vagas para CRPS (Conselho de Recursos da Previd\u00eancia Social), 50 vagas para Subsecretaria de Regimes Pr\u00f3prios e 270 vagas para Secretaria de Gest\u00e3o de Pessoal.<\/p>\n\n\n\n<p>De acordo com o INSS, n\u00e3o haver\u00e1 limite de vagas para os aposentados da carreira do Seguro Social, mas precisam ter se aposentado nos \u00faltimos cinco anos e possuir experi\u00eancia na an\u00e1lise de benef\u00edcio e para a carreira do M\u00e9dico Perito Federal.<\/p>\n\n\n\n<p>Servidores aposentados da Uni\u00e3o, que atuar\u00e3o no atendimento e no apoio operacional, receber\u00e3o R$ 2,1 mil por m\u00eas, al\u00e9m de aux\u00edlio-alimenta\u00e7\u00e3o e aux\u00edlio-transporte.<\/p>\n\n\n\n<p>Os militares inativos receber\u00e3o adicional de 30% do valor da remunera\u00e7\u00e3o da inatividade, conforme previsto no artigo 18 da Lei 13.954 de 2019 e no artigo 8 do Decreto 2.210 de 2020.<\/p>\n\n\n\n<p>J\u00e1 os aposentados da carreira do Seguro Social receber\u00e3o R$ 57,50 por processo conclu\u00eddo. Os aposentados da carreira de Per\u00edcia M\u00e9dica Federal receber\u00e3o R$ 61,72 por per\u00edcia m\u00e9dica realizada.<\/p>\n\n\n\n<p>A \u00edntegra do edital e os anexos podem ser consultados no site&nbsp;<a href=\"http:\/\/inss.gov.br\/temporarios\" target=\"_blank\" rel=\"noreferrer noopener\">inss.gov.br\/temporarios<\/a>.<\/p>\n\n\n\n<p>Os interessados em participar da sele\u00e7\u00e3o dever\u00e3o se inscrever pelo site&nbsp;<a href=\"https:\/\/www.inss.gov.br\/temporarios\/\" target=\"_blank\" rel=\"noreferrer noopener\">https:\/\/www.inss.gov.br\/temporarios\/<\/a>&nbsp;at\u00e9 o dia 10 de maio.<\/p>\n\n\n\n<p>No momento da inscri\u00e7\u00e3o, os interessados dever\u00e3o fornecer dados pessoais e um e-mail v\u00e1lido, al\u00e9m de escolher o \u00f3rg\u00e3o e a localidade onde t\u00eam interesse de trabalhar. O total de vagas por localidade est\u00e1 dispon\u00edvel nos anexos do edital.<\/p>\n\n\n\n<p>Os militares inativos que podem se inscrever para o trabalho tempor\u00e1rio no INSS (atendimento ao p\u00fablico em ag\u00eancias), SMPF e CRPS, devem possuir patente m\u00e1xima de at\u00e9 2\u00ba Sargento. Para outras atribui\u00e7\u00f5es previstas no edital para este p\u00fablico, como por exemplo atuar na Secretaria de Regimes Pr\u00f3prios da Previd\u00eancia Social e na Secretaria de Gest\u00e3o e de Desempenho de Pessoal, exige-se a patente m\u00ednima de Capit\u00e3o.<\/p>\n\n\n\n<p>O interessado (servidor da Uni\u00e3o ou Militar inativo) pode escolher apenas um \u00fanico grupo para a inscri\u00e7\u00e3o e precisa ter, no m\u00e1ximo, 65 anos.<\/p>\n\n\n\n<p>Os candidatos podem tirar d\u00favidas pelo e-mail&nbsp;<a href=\"mailto:chamamento.inss@inss.gov.br\" target=\"_blank\" rel=\"noreferrer noopener\">chamamento.inss@inss.gov.br<\/a>.<\/p>\n\n\n\n<p>Para aposentados da carreira de Seguro Social e para a carreira de M\u00e9dico Perito Federal, n\u00e3o haver\u00e1 vaga por localidade. Mas os aposentados da carreira do Seguro Social devem informar a ag\u00eancia do INSS mais pr\u00f3xima da resid\u00eancia, para eventuais atividades presenciais exigidas pelo instituto. J\u00e1 aposentados da carreira da Per\u00edcia M\u00e9dica Federal dever\u00e3o informar, no momento da inscri\u00e7\u00e3o, a unidade da presta\u00e7\u00e3o de servi\u00e7o.<\/p>\n\n\n\n<p>Haver\u00e1 um per\u00edodo de capacita\u00e7\u00e3o para todos os selecionados. O aposentado da carreira do Seguro Social, que far\u00e1 somente a an\u00e1lise de requerimentos de benef\u00edcios, ter\u00e1 capacita\u00e7\u00e3o diferenciada para atualizar os tempor\u00e1rios em rela\u00e7\u00e3o aos sistemas internos e \u00e0s novas regras do Regime Pr\u00f3prio de Previd\u00eancia Social, contidas na Emenda Constitucional 103.<\/p>\n","protected":false},"excerpt":{"rendered":"<p>Ao todo ser\u00e3o 8.230 vagas para atendimento ao p\u00fablico nas ag\u00eancias do INSS e no apoio operacional, 255 vagas para SMPF (Subsecretaria de Per\u00edcia M\u00e9dica&hellip; <\/p>\n","protected":false},"author":2,"featured_media":167438,"comment_status":"closed","ping_status":"closed","sticky":false,"template":"","format":"standard","meta":{"sfsi_plus_gutenberg_text_before_share":"","sfsi_plus_gutenberg_show_text_before_share":"","sfsi_plus_gutenberg_icon_type":"","sfsi_plus_gutenberg_icon_alignemt":"","sfsi_plus_gutenburg_max_per_row":"","footnotes":""},"categories":[2],"tags":[],"class_list":["post-167437","post","type-post","status-publish","format-standard","has-post-thumbnail","hentry","category-geral"],"_links":{"self":[{"href":"https:\/\/www.caririemacao.com\/1\/wp-json\/wp\/v2\/posts\/167437","targetHints":{"allow":["GET"]}}],"collection":[{"href":"https:\/\/www.caririemacao.com\/1\/wp-json\/wp\/v2\/posts"}],"about":[{"href":"https:\/\/www.caririemacao.com\/1\/wp-json\/wp\/v2\/types\/post"}],"author":[{"embeddable":true,"href":"https:\/\/www.caririemacao.com\/1\/wp-json\/wp\/v2\/users\/2"}],"replies":[{"embeddable":true,"href":"https:\/\/www.caririemacao.com\/1\/wp-json\/wp\/v2\/comments?post=167437"}],"version-history":[{"count":1,"href":"https:\/\/www.caririemacao.com\/1\/wp-json\/wp\/v2\/posts\/167437\/revisions"}],"predecessor-version":[{"id":167439,"href":"https:\/\/www.caririemacao.com\/1\/wp-json\/wp\/v2\/posts\/167437\/revisions\/167439"}],"wp:featuredmedia":[{"embeddable":true,"href":"https:\/\/www.caririemacao.com\/1\/wp-json\/wp\/v2\/media\/167438"}],"wp:attachment":[{"href":"https:\/\/www.caririemacao.com\/1\/wp-json\/wp\/v2\/media?parent=167437"}],"wp:term":[{"taxonomy":"category","embeddable":true,"href":"https:\/\/www.caririemacao.com\/1\/wp-json\/wp\/v2\/categories?post=167437"},{"taxonomy":"post_tag","embeddable":true,"href":"https:\/\/www.caririemacao.com\/1\/wp-json\/wp\/v2\/tags?post=167437"}],"curies":[{"name":"wp","href":"https:\/\/api.w.org\/{rel}","templated":true}]}}