{"id":167441,"date":"2020-05-04T15:36:09","date_gmt":"2020-05-04T18:36:09","guid":{"rendered":"https:\/\/www.caririemacao.com\/1\/?p=167441"},"modified":"2020-05-04T15:36:16","modified_gmt":"2020-05-04T18:36:16","slug":"empreender-pb-assina-mais-de-200-contratos-em-domicilio-nesta-semana","status":"publish","type":"post","link":"https:\/\/www.caririemacao.com\/1\/2020\/05\/04\/empreender-pb-assina-mais-de-200-contratos-em-domicilio-nesta-semana\/","title":{"rendered":"Empreender PB assina mais de 200 contratos em domic\u00edlio nesta semana"},"content":{"rendered":"\n<h1 class=\"wp-block-heading\"><\/h1>\n\n\n\n<p>O Programa Empreender PB realiza, nesta semana (4 a 8 de maio), 232 assinaturas de contratos em domic\u00edlio com um investimento de R$1.554.900,00 para empreendedores de 25 munic\u00edpios do Sert\u00e3o do estado que desejarem iniciar um neg\u00f3cio ou ampliar um j\u00e1 existente.<\/p>\n\n\n\n<p>A medida foi anunciada pelo governador Jo\u00e3o Azev\u00eado e visa auxiliar os microempreendedores que enfrentam dificuldades pela falta de gera\u00e7\u00e3o de renda devido ao isolamento social provocado pela pandemia do novo coronav\u00edrus.<\/p>\n\n\n\n<p>Todos os empreendedores com o processo em fase de contrata\u00e7\u00e3o no Programa ser\u00e3o contatados por telefone para agendamento da visita em domic\u00edlio, respeitando a ordem de inscri\u00e7\u00e3o. A equipe alerta que todos estejam com seus telefones dispon\u00edveis e permane\u00e7am em suas casas, at\u00e9 a visita do t\u00e9cnico.<\/p>\n\n\n\n<p>Os empreendedores podem verificar se seu processo est\u00e1 apto para a assinatura de contrato atrav\u00e9s do site www.empreenderpb.pb.gov.br.<\/p>\n\n\n\n<p><strong>Lista dos munic\u00edpios que ser\u00e3o atendidos (8\u00aa, 9\u00aa, 10\u00aa e 13\u00aa regi\u00f5es):<\/strong><\/p>\n\n\n\n<p>Aparecida<br>Bel\u00e9m do Brejo do Cruz<br>Bonito de Santa F\u00e9<br>Brejo do Cruz<br>Cachoeira dos \u00cdndios<br>Cajazeiras<br>Cajazeirinhas<br>Catol\u00e9 do Rocha<br>Condado<br>Jeric\u00f3<br>Lastro<br>Mato Grosso<br>Monte Horebe<br>Paulista<br>Po\u00e7o de Jos\u00e9 de Moura<br>Pombal<br>Santa Cruz<br>S\u00e3o Bento<br>S\u00e3o Domingos<br>S\u00e3o Francisco<br>S\u00e3o Jo\u00e3o do Rio do Peixe<br>S\u00e3o Jos\u00e9 da Lagoa Tapada<br>S\u00e3o Jos\u00e9 do Brejo do Cruz<br>Sousa<br>Vieir\u00f3polis<\/p>\n","protected":false},"excerpt":{"rendered":"<p>O Programa Empreender PB realiza, nesta semana (4 a 8 de maio), 232 assinaturas de contratos em domic\u00edlio com um investimento de R$1.554.900,00 para empreendedores&hellip; <\/p>\n","protected":false},"author":2,"featured_media":167442,"comment_status":"closed","ping_status":"closed","sticky":false,"template":"","format":"standard","meta":{"sfsi_plus_gutenberg_text_before_share":"","sfsi_plus_gutenberg_show_text_before_share":"","sfsi_plus_gutenberg_icon_type":"","sfsi_plus_gutenberg_icon_alignemt":"","sfsi_plus_gutenburg_max_per_row":"","footnotes":""},"categories":[2],"tags":[],"class_list":["post-167441","post","type-post","status-publish","format-standard","has-post-thumbnail","hentry","category-geral"],"_links":{"self":[{"href":"https:\/\/www.caririemacao.com\/1\/wp-json\/wp\/v2\/posts\/167441","targetHints":{"allow":["GET"]}}],"collection":[{"href":"https:\/\/www.caririemacao.com\/1\/wp-json\/wp\/v2\/posts"}],"about":[{"href":"https:\/\/www.caririemacao.com\/1\/wp-json\/wp\/v2\/types\/post"}],"author":[{"embeddable":true,"href":"https:\/\/www.caririemacao.com\/1\/wp-json\/wp\/v2\/users\/2"}],"replies":[{"embeddable":true,"href":"https:\/\/www.caririemacao.com\/1\/wp-json\/wp\/v2\/comments?post=167441"}],"version-history":[{"count":1,"href":"https:\/\/www.caririemacao.com\/1\/wp-json\/wp\/v2\/posts\/167441\/revisions"}],"predecessor-version":[{"id":167443,"href":"https:\/\/www.caririemacao.com\/1\/wp-json\/wp\/v2\/posts\/167441\/revisions\/167443"}],"wp:featuredmedia":[{"embeddable":true,"href":"https:\/\/www.caririemacao.com\/1\/wp-json\/wp\/v2\/media\/167442"}],"wp:attachment":[{"href":"https:\/\/www.caririemacao.com\/1\/wp-json\/wp\/v2\/media?parent=167441"}],"wp:term":[{"taxonomy":"category","embeddable":true,"href":"https:\/\/www.caririemacao.com\/1\/wp-json\/wp\/v2\/categories?post=167441"},{"taxonomy":"post_tag","embeddable":true,"href":"https:\/\/www.caririemacao.com\/1\/wp-json\/wp\/v2\/tags?post=167441"}],"curies":[{"name":"wp","href":"https:\/\/api.w.org\/{rel}","templated":true}]}}