{"id":167446,"date":"2020-05-04T17:06:33","date_gmt":"2020-05-04T20:06:33","guid":{"rendered":"https:\/\/www.caririemacao.com\/1\/?p=167446"},"modified":"2020-05-04T17:06:35","modified_gmt":"2020-05-04T20:06:35","slug":"policia-militar-e-vigilancia-sanitaria-realizam-trabalho-de-conscientizacao-no-comercio-de-sume","status":"publish","type":"post","link":"https:\/\/www.caririemacao.com\/1\/2020\/05\/04\/policia-militar-e-vigilancia-sanitaria-realizam-trabalho-de-conscientizacao-no-comercio-de-sume\/","title":{"rendered":"Pol\u00edcia Militar e Vigil\u00e2ncia Sanit\u00e1ria realizam trabalho de conscientiza\u00e7\u00e3o no com\u00e9rcio de Sum\u00e9"},"content":{"rendered":"\n<p>A Vigil\u00e2ncia Sanit\u00e1ria de Sum\u00e9 vem realizando um trabalho cont\u00ednuo no com\u00e9rcio local e nas ruas da cidade para orientar e fiscalizar as medidas protetivas contra o coronav\u00edrus que est\u00e3o sendo adotadas pelos estabelecimentos.<\/p>\n\n\n\n<p>Nesta segunda-feira (04), o trabalho da vigil\u00e2ncia sanit\u00e1ria ganhou o refor\u00e7o da Policia Militar, que al\u00e9m do com\u00e9rcio, averiguaram filas de bancos e correspondentes banc\u00e1rios e orientaram a popula\u00e7\u00e3o sobre o novo decreto do Governo do Estado, no qual estabelece medidas de prote\u00e7\u00e3o contra o coronav\u00edrus para funcion\u00e1rios, clientes e colaboradores, distanciamento de 1,5 metro entre cada pessoa e quando poss\u00edvel, sistemas de escala, altera\u00e7\u00e3o de jornadas e revezamento de turnos para reduzir o fluxo e n\u00e3o permitir a aglomera\u00e7\u00e3o de pessoas nos estabelecimentos comerciais e banc\u00e1rios.<\/p>\n\n\n\n<p>Na ocasi\u00e3o, os funcion\u00e1rios da Vigil\u00e2ncia Sanit\u00e1ria distribu\u00edram m\u00e1scaras para a popula\u00e7\u00e3o, adquiridas pela Prefeitura de Sum\u00e9 a costureiras do munic\u00edpio, ajudando a cumprir o decreto estadual que trata sobre o uso obrigat\u00f3rio da m\u00e1scara em todo o territ\u00f3rio estadual, nos espa\u00e7os p\u00fablicos e em estabelecimentos.<\/p>\n\n\n\n<p>A Prefeitura de Sum\u00e9 vem tomando uma s\u00e9rie de medidas para proteger a popula\u00e7\u00e3o contra o coronav\u00edrus. O munic\u00edpio at\u00e9 o momento n\u00e3o registrou nenhum caso da covid-19.<\/p>\n","protected":false},"excerpt":{"rendered":"<p>A Vigil\u00e2ncia Sanit\u00e1ria de Sum\u00e9 vem realizando um trabalho cont\u00ednuo no com\u00e9rcio local e nas ruas da cidade para orientar e fiscalizar as medidas protetivas&hellip; <\/p>\n","protected":false},"author":2,"featured_media":167447,"comment_status":"closed","ping_status":"closed","sticky":false,"template":"","format":"standard","meta":{"sfsi_plus_gutenberg_text_before_share":"","sfsi_plus_gutenberg_show_text_before_share":"","sfsi_plus_gutenberg_icon_type":"","sfsi_plus_gutenberg_icon_alignemt":"","sfsi_plus_gutenburg_max_per_row":"","footnotes":""},"categories":[2],"tags":[],"class_list":["post-167446","post","type-post","status-publish","format-standard","has-post-thumbnail","hentry","category-geral"],"_links":{"self":[{"href":"https:\/\/www.caririemacao.com\/1\/wp-json\/wp\/v2\/posts\/167446","targetHints":{"allow":["GET"]}}],"collection":[{"href":"https:\/\/www.caririemacao.com\/1\/wp-json\/wp\/v2\/posts"}],"about":[{"href":"https:\/\/www.caririemacao.com\/1\/wp-json\/wp\/v2\/types\/post"}],"author":[{"embeddable":true,"href":"https:\/\/www.caririemacao.com\/1\/wp-json\/wp\/v2\/users\/2"}],"replies":[{"embeddable":true,"href":"https:\/\/www.caririemacao.com\/1\/wp-json\/wp\/v2\/comments?post=167446"}],"version-history":[{"count":1,"href":"https:\/\/www.caririemacao.com\/1\/wp-json\/wp\/v2\/posts\/167446\/revisions"}],"predecessor-version":[{"id":167448,"href":"https:\/\/www.caririemacao.com\/1\/wp-json\/wp\/v2\/posts\/167446\/revisions\/167448"}],"wp:featuredmedia":[{"embeddable":true,"href":"https:\/\/www.caririemacao.com\/1\/wp-json\/wp\/v2\/media\/167447"}],"wp:attachment":[{"href":"https:\/\/www.caririemacao.com\/1\/wp-json\/wp\/v2\/media?parent=167446"}],"wp:term":[{"taxonomy":"category","embeddable":true,"href":"https:\/\/www.caririemacao.com\/1\/wp-json\/wp\/v2\/categories?post=167446"},{"taxonomy":"post_tag","embeddable":true,"href":"https:\/\/www.caririemacao.com\/1\/wp-json\/wp\/v2\/tags?post=167446"}],"curies":[{"name":"wp","href":"https:\/\/api.w.org\/{rel}","templated":true}]}}