{"id":167622,"date":"2020-05-06T00:13:00","date_gmt":"2020-05-06T03:13:00","guid":{"rendered":"https:\/\/www.caririemacao.com\/1\/?p=167622"},"modified":"2020-05-06T02:17:33","modified_gmt":"2020-05-06T05:17:33","slug":"dera-fabiano-e-mi-de-zeca-irao-compor-comissao-que-acompanhara-o-concurso-publico-no-congo","status":"publish","type":"post","link":"https:\/\/www.caririemacao.com\/1\/2020\/05\/06\/dera-fabiano-e-mi-de-zeca-irao-compor-comissao-que-acompanhara-o-concurso-publico-no-congo\/","title":{"rendered":"Dera, Fabiano e Mi de Zeca ir\u00e3o compor Comiss\u00e3o que acompanhar\u00e1 o Concurso P\u00fablico no Congo"},"content":{"rendered":"\n<p>O presidente da C\u00e2mara de Congo, Lenilson Bezerra, usando de suas atribui\u00e7\u00f5es resolveu nomear os vereadores Aderaldo Pereira Netto, Fabiano Fernandes de Lagos e Ademir de Oliveira par afazer parte como membro da Comiss\u00e3o que ir\u00e1 acompanhar o andamento do Concurso P\u00fablico que ser\u00e1 realizado pela Prefeitura Municipal.<\/p>\n\n\n\n<p>De acordo com a portaria, os vereadores ir\u00e3o acompanhar e fiscalizar todo o andamento do certame. A comiss\u00e3o ser\u00e1 presidida pelo vereador Aderaldo Pereira Netto (Dera).<\/p>\n","protected":false},"excerpt":{"rendered":"<p>O presidente da C\u00e2mara de Congo, Lenilson Bezerra, usando de suas atribui\u00e7\u00f5es resolveu nomear os vereadores Aderaldo Pereira Netto, Fabiano Fernandes de Lagos e Ademir&hellip; <\/p>\n","protected":false},"author":1,"featured_media":167623,"comment_status":"closed","ping_status":"closed","sticky":false,"template":"","format":"standard","meta":{"sfsi_plus_gutenberg_text_before_share":"","sfsi_plus_gutenberg_show_text_before_share":"","sfsi_plus_gutenberg_icon_type":"","sfsi_plus_gutenberg_icon_alignemt":"","sfsi_plus_gutenburg_max_per_row":"","footnotes":""},"categories":[6,50],"tags":[],"class_list":["post-167622","post","type-post","status-publish","format-standard","has-post-thumbnail","hentry","category-cidades","category-destaque"],"_links":{"self":[{"href":"https:\/\/www.caririemacao.com\/1\/wp-json\/wp\/v2\/posts\/167622","targetHints":{"allow":["GET"]}}],"collection":[{"href":"https:\/\/www.caririemacao.com\/1\/wp-json\/wp\/v2\/posts"}],"about":[{"href":"https:\/\/www.caririemacao.com\/1\/wp-json\/wp\/v2\/types\/post"}],"author":[{"embeddable":true,"href":"https:\/\/www.caririemacao.com\/1\/wp-json\/wp\/v2\/users\/1"}],"replies":[{"embeddable":true,"href":"https:\/\/www.caririemacao.com\/1\/wp-json\/wp\/v2\/comments?post=167622"}],"version-history":[{"count":2,"href":"https:\/\/www.caririemacao.com\/1\/wp-json\/wp\/v2\/posts\/167622\/revisions"}],"predecessor-version":[{"id":167625,"href":"https:\/\/www.caririemacao.com\/1\/wp-json\/wp\/v2\/posts\/167622\/revisions\/167625"}],"wp:featuredmedia":[{"embeddable":true,"href":"https:\/\/www.caririemacao.com\/1\/wp-json\/wp\/v2\/media\/167623"}],"wp:attachment":[{"href":"https:\/\/www.caririemacao.com\/1\/wp-json\/wp\/v2\/media?parent=167622"}],"wp:term":[{"taxonomy":"category","embeddable":true,"href":"https:\/\/www.caririemacao.com\/1\/wp-json\/wp\/v2\/categories?post=167622"},{"taxonomy":"post_tag","embeddable":true,"href":"https:\/\/www.caririemacao.com\/1\/wp-json\/wp\/v2\/tags?post=167622"}],"curies":[{"name":"wp","href":"https:\/\/api.w.org\/{rel}","templated":true}]}}