{"id":167626,"date":"2020-05-06T00:43:00","date_gmt":"2020-05-06T03:43:00","guid":{"rendered":"https:\/\/www.caririemacao.com\/1\/?p=167626"},"modified":"2020-05-06T02:17:06","modified_gmt":"2020-05-06T05:17:06","slug":"presidente-da-camara-de-congo-solicita-ao-der-melhorias-na-pb-214-que-liga-sume-ate-a-divisa-com-o-pernambuco","status":"publish","type":"post","link":"https:\/\/www.caririemacao.com\/1\/2020\/05\/06\/presidente-da-camara-de-congo-solicita-ao-der-melhorias-na-pb-214-que-liga-sume-ate-a-divisa-com-o-pernambuco\/","title":{"rendered":"Presidente da C\u00e2mara de Congo solicita ao DER melhorias na PB 214 que liga Sum\u00e9 at\u00e9 a divisa com o Pernambuco"},"content":{"rendered":"\n<p>O vereador e presidente da C\u00e2mara de Congo, Lenilson Bezerra, preocupado com as condi\u00e7\u00f5es das estradas que cortam o munic\u00edpio de Congo, encaminhou of\u00edcio ao diretor regional do DER Sum\u00e9 pedindo melhorias na PB 214 que liga Sum\u00e9 at\u00e9 a divisa com o Pernambuco.<\/p>\n\n\n\n<p>De acordo com a solicita\u00e7\u00e3o do vereador Lenilson, precisa-se urgente fazer consertos nos buracos e no acostamento da PB 214, tendo em vista o per\u00edodo chuvoso e o estado que a rodovia se encontra, com muitos buracos na pista e nos acostamento, sendo necess\u00e1rio a urg\u00eancia dos reparos, pois o fluxo de ve\u00edculos \u00e9 intenso nesta rodovia.<\/p>\n\n\n\n<p>\u201cEssa solicita\u00e7\u00e3o \u00e9 um anseio da popula\u00e7\u00e3o da Regi\u00e3o e de todos que transitam pela rodovia PB 214, principalmente, a popula\u00e7\u00e3o do munic\u00edpio de Congo que tanto precisa dessa rodovia\u201d, justificou o vereador.<\/p>\n","protected":false},"excerpt":{"rendered":"<p>O vereador e presidente da C\u00e2mara de Congo, Lenilson Bezerra, preocupado com as condi\u00e7\u00f5es das estradas que cortam o munic\u00edpio de Congo, encaminhou of\u00edcio ao&hellip; <\/p>\n","protected":false},"author":1,"featured_media":167628,"comment_status":"closed","ping_status":"closed","sticky":false,"template":"","format":"standard","meta":{"sfsi_plus_gutenberg_text_before_share":"","sfsi_plus_gutenberg_show_text_before_share":"","sfsi_plus_gutenberg_icon_type":"","sfsi_plus_gutenberg_icon_alignemt":"","sfsi_plus_gutenburg_max_per_row":"","footnotes":""},"categories":[50,2],"tags":[],"class_list":["post-167626","post","type-post","status-publish","format-standard","has-post-thumbnail","hentry","category-destaque","category-geral"],"_links":{"self":[{"href":"https:\/\/www.caririemacao.com\/1\/wp-json\/wp\/v2\/posts\/167626","targetHints":{"allow":["GET"]}}],"collection":[{"href":"https:\/\/www.caririemacao.com\/1\/wp-json\/wp\/v2\/posts"}],"about":[{"href":"https:\/\/www.caririemacao.com\/1\/wp-json\/wp\/v2\/types\/post"}],"author":[{"embeddable":true,"href":"https:\/\/www.caririemacao.com\/1\/wp-json\/wp\/v2\/users\/1"}],"replies":[{"embeddable":true,"href":"https:\/\/www.caririemacao.com\/1\/wp-json\/wp\/v2\/comments?post=167626"}],"version-history":[{"count":2,"href":"https:\/\/www.caririemacao.com\/1\/wp-json\/wp\/v2\/posts\/167626\/revisions"}],"predecessor-version":[{"id":167630,"href":"https:\/\/www.caririemacao.com\/1\/wp-json\/wp\/v2\/posts\/167626\/revisions\/167630"}],"wp:featuredmedia":[{"embeddable":true,"href":"https:\/\/www.caririemacao.com\/1\/wp-json\/wp\/v2\/media\/167628"}],"wp:attachment":[{"href":"https:\/\/www.caririemacao.com\/1\/wp-json\/wp\/v2\/media?parent=167626"}],"wp:term":[{"taxonomy":"category","embeddable":true,"href":"https:\/\/www.caririemacao.com\/1\/wp-json\/wp\/v2\/categories?post=167626"},{"taxonomy":"post_tag","embeddable":true,"href":"https:\/\/www.caririemacao.com\/1\/wp-json\/wp\/v2\/tags?post=167626"}],"curies":[{"name":"wp","href":"https:\/\/api.w.org\/{rel}","templated":true}]}}