{"id":167635,"date":"2020-05-06T00:35:00","date_gmt":"2020-05-06T03:35:00","guid":{"rendered":"https:\/\/www.caririemacao.com\/1\/?p=167635"},"modified":"2020-05-06T02:16:39","modified_gmt":"2020-05-06T05:16:39","slug":"ourovelhenses-ganham-mais-uma-academia-ao-ar-livre","status":"publish","type":"post","link":"https:\/\/www.caririemacao.com\/1\/2020\/05\/06\/ourovelhenses-ganham-mais-uma-academia-ao-ar-livre\/","title":{"rendered":"Ourovelhenses ganham mais uma academia ao ar livre"},"content":{"rendered":"\n<p>Buscando proporcionar integra\u00e7\u00e3o social e estimular o interesse pelos exerc\u00edcios f\u00edsicos t\u00e3o importantes \u00e0 sa\u00fade, a Prefeitura de Ouro Velho instalou nova academia ao ar livre no munic\u00edpio.<\/p>\n\n\n\n<p>O novo instrumento disp\u00f5e de equipamentos modernos e de f\u00e1cil manuseio, como forma de promover a pr\u00e1tica de exerc\u00edcios f\u00edsicos e saud\u00e1veis, al\u00e9m de naturalmente, possibilitar mais qualidade de vida para o cidad\u00e3o ourovelhense. <\/p>\n\n\n\n<figure class=\"wp-block-image size-large\"><img fetchpriority=\"high\" decoding=\"async\" width=\"1024\" height=\"768\" src=\"https:\/\/www.caririemacao.com\/1\/wp-content\/uploads\/2020\/05\/WhatsApp-Image-2020-05-05-at-21.48.46-1024x768.jpeg\" alt=\"\" class=\"wp-image-167639\" srcset=\"https:\/\/www.caririemacao.com\/1\/wp-content\/uploads\/2020\/05\/WhatsApp-Image-2020-05-05-at-21.48.46-1024x768.jpeg 1024w, https:\/\/www.caririemacao.com\/1\/wp-content\/uploads\/2020\/05\/WhatsApp-Image-2020-05-05-at-21.48.46-300x225.jpeg 300w, https:\/\/www.caririemacao.com\/1\/wp-content\/uploads\/2020\/05\/WhatsApp-Image-2020-05-05-at-21.48.46-768x576.jpeg 768w, https:\/\/www.caririemacao.com\/1\/wp-content\/uploads\/2020\/05\/WhatsApp-Image-2020-05-05-at-21.48.46.jpeg 1280w\" sizes=\"(max-width: 1024px) 100vw, 1024px\" \/><\/figure>\n\n\n\n<p>O espa\u00e7o est\u00e1 instalado na pra\u00e7a que fica no in\u00edcio da cidade sentido Prata. O investimento foi realizado com recursos pr\u00f3prios do munic\u00edpio.<\/p>\n\n\n\n<p>De acordo com o m\u00e9dico Dr. J\u00fanior, a aquisi\u00e7\u00e3o dos equipamentos de gin\u00e1stica para a pra\u00e7a da sa\u00fade \u00e9 mais uma conquista importante da Gest\u00e3o Municipal. Ele lembrou que os equipamentos v\u00e3o ficar isolados e sem funcionalidade durante esse per\u00edodo de pandemia.<\/p>\n","protected":false},"excerpt":{"rendered":"<p>Buscando proporcionar integra\u00e7\u00e3o social e estimular o interesse pelos exerc\u00edcios f\u00edsicos t\u00e3o importantes \u00e0 sa\u00fade, a Prefeitura de Ouro Velho instalou nova academia ao ar&hellip; <\/p>\n","protected":false},"author":1,"featured_media":167638,"comment_status":"closed","ping_status":"closed","sticky":false,"template":"","format":"standard","meta":{"sfsi_plus_gutenberg_text_before_share":"","sfsi_plus_gutenberg_show_text_before_share":"","sfsi_plus_gutenberg_icon_type":"","sfsi_plus_gutenberg_icon_alignemt":"","sfsi_plus_gutenburg_max_per_row":"","footnotes":""},"categories":[6,50],"tags":[],"class_list":["post-167635","post","type-post","status-publish","format-standard","has-post-thumbnail","hentry","category-cidades","category-destaque"],"_links":{"self":[{"href":"https:\/\/www.caririemacao.com\/1\/wp-json\/wp\/v2\/posts\/167635","targetHints":{"allow":["GET"]}}],"collection":[{"href":"https:\/\/www.caririemacao.com\/1\/wp-json\/wp\/v2\/posts"}],"about":[{"href":"https:\/\/www.caririemacao.com\/1\/wp-json\/wp\/v2\/types\/post"}],"author":[{"embeddable":true,"href":"https:\/\/www.caririemacao.com\/1\/wp-json\/wp\/v2\/users\/1"}],"replies":[{"embeddable":true,"href":"https:\/\/www.caririemacao.com\/1\/wp-json\/wp\/v2\/comments?post=167635"}],"version-history":[{"count":1,"href":"https:\/\/www.caririemacao.com\/1\/wp-json\/wp\/v2\/posts\/167635\/revisions"}],"predecessor-version":[{"id":167640,"href":"https:\/\/www.caririemacao.com\/1\/wp-json\/wp\/v2\/posts\/167635\/revisions\/167640"}],"wp:featuredmedia":[{"embeddable":true,"href":"https:\/\/www.caririemacao.com\/1\/wp-json\/wp\/v2\/media\/167638"}],"wp:attachment":[{"href":"https:\/\/www.caririemacao.com\/1\/wp-json\/wp\/v2\/media?parent=167635"}],"wp:term":[{"taxonomy":"category","embeddable":true,"href":"https:\/\/www.caririemacao.com\/1\/wp-json\/wp\/v2\/categories?post=167635"},{"taxonomy":"post_tag","embeddable":true,"href":"https:\/\/www.caririemacao.com\/1\/wp-json\/wp\/v2\/tags?post=167635"}],"curies":[{"name":"wp","href":"https:\/\/api.w.org\/{rel}","templated":true}]}}