{"id":167647,"date":"2020-05-06T06:35:46","date_gmt":"2020-05-06T09:35:46","guid":{"rendered":"https:\/\/www.caririemacao.com\/1\/?p=167647"},"modified":"2020-05-06T06:35:46","modified_gmt":"2020-05-06T09:35:46","slug":"mulher-e-morta-a-facadas-na-pb","status":"publish","type":"post","link":"https:\/\/www.caririemacao.com\/1\/2020\/05\/06\/mulher-e-morta-a-facadas-na-pb\/","title":{"rendered":"Mulher \u00e9 morta a facadas na PB"},"content":{"rendered":"\n<h1 class=\"wp-block-heading\"><\/h1>\n\n\n\n<p><\/p>\n\n\n\n<p>Uma mulher de 42 anos foi morta a facadas na noite de domingo (3), na zona rural do munic\u00edpio de Pilar, na Mata Paraibana. De acordo com a Pol\u00edcia Militar, o principal suspeito \u00e9 o ex-companheiro da v\u00edtima, que j\u00e1 havia a agredido outras vezes, conforme explicou a fam\u00edlia.<\/p>\n\n\n\n<p>Segundo a pol\u00edcia, o crime aconteceu no fim da noite, por volta das 23h, no s\u00edtio Ch\u00e3 de Areia, quando o ex-companheiro deu um golpe de faca no do peito da mulher e fugiu. Conforme o relato de familiares da v\u00edtima \u00e0 pol\u00edcia, o suspeito j\u00e1 tinha um hist\u00f3rico de agredir a mulher com frequ\u00eancia.<\/p>\n\n\n\n<p>A v\u00edtima foi socorrida pelo Servi\u00e7o de Atendimento M\u00f3vel de Urg\u00eancia (Samu), mas n\u00e3o resistiu aos ferimentos e morreu. O corpo foi encaminhado para o N\u00facleo de Medicina Legal de Itabaiana, onde deve passar pelo exame cadav\u00e9rico. O suspeito n\u00e3o foi localizado.<\/p>\n\n\n\n<p>G1 PB<\/p>\n","protected":false},"excerpt":{"rendered":"<p>Uma mulher de 42 anos foi morta a facadas na noite de domingo (3), na zona rural do munic\u00edpio de Pilar, na Mata Paraibana. De&hellip; <\/p>\n","protected":false},"author":2,"featured_media":167648,"comment_status":"closed","ping_status":"closed","sticky":false,"template":"","format":"standard","meta":{"sfsi_plus_gutenberg_text_before_share":"","sfsi_plus_gutenberg_show_text_before_share":"","sfsi_plus_gutenberg_icon_type":"","sfsi_plus_gutenberg_icon_alignemt":"","sfsi_plus_gutenburg_max_per_row":"","footnotes":""},"categories":[12],"tags":[],"class_list":["post-167647","post","type-post","status-publish","format-standard","has-post-thumbnail","hentry","category-policia"],"_links":{"self":[{"href":"https:\/\/www.caririemacao.com\/1\/wp-json\/wp\/v2\/posts\/167647","targetHints":{"allow":["GET"]}}],"collection":[{"href":"https:\/\/www.caririemacao.com\/1\/wp-json\/wp\/v2\/posts"}],"about":[{"href":"https:\/\/www.caririemacao.com\/1\/wp-json\/wp\/v2\/types\/post"}],"author":[{"embeddable":true,"href":"https:\/\/www.caririemacao.com\/1\/wp-json\/wp\/v2\/users\/2"}],"replies":[{"embeddable":true,"href":"https:\/\/www.caririemacao.com\/1\/wp-json\/wp\/v2\/comments?post=167647"}],"version-history":[{"count":1,"href":"https:\/\/www.caririemacao.com\/1\/wp-json\/wp\/v2\/posts\/167647\/revisions"}],"predecessor-version":[{"id":167649,"href":"https:\/\/www.caririemacao.com\/1\/wp-json\/wp\/v2\/posts\/167647\/revisions\/167649"}],"wp:featuredmedia":[{"embeddable":true,"href":"https:\/\/www.caririemacao.com\/1\/wp-json\/wp\/v2\/media\/167648"}],"wp:attachment":[{"href":"https:\/\/www.caririemacao.com\/1\/wp-json\/wp\/v2\/media?parent=167647"}],"wp:term":[{"taxonomy":"category","embeddable":true,"href":"https:\/\/www.caririemacao.com\/1\/wp-json\/wp\/v2\/categories?post=167647"},{"taxonomy":"post_tag","embeddable":true,"href":"https:\/\/www.caririemacao.com\/1\/wp-json\/wp\/v2\/tags?post=167647"}],"curies":[{"name":"wp","href":"https:\/\/api.w.org\/{rel}","templated":true}]}}