{"id":167656,"date":"2020-05-06T06:45:48","date_gmt":"2020-05-06T09:45:48","guid":{"rendered":"https:\/\/www.caririemacao.com\/1\/?p=167656"},"modified":"2020-05-06T06:45:48","modified_gmt":"2020-05-06T09:45:48","slug":"irmao-luizinho-lanca-pre-candidatura-a-vereador-em-monteiro-pelo-cidadania","status":"publish","type":"post","link":"https:\/\/www.caririemacao.com\/1\/2020\/05\/06\/irmao-luizinho-lanca-pre-candidatura-a-vereador-em-monteiro-pelo-cidadania\/","title":{"rendered":"Irm\u00e3o Luizinho lan\u00e7a pr\u00e9-candidatura \u00e0 vereador em Monteiro pelo Cidadania"},"content":{"rendered":"\n<h1 class=\"wp-block-heading\"><\/h1>\n\n\n\n<p><\/p>\n\n\n\n<hr class=\"wp-block-separator\"\/>\n\n\n\n<p><a href=\"https:\/\/www.facebook.com\/sharer.php?u=https%3A%2F%2Fwww.vitrinedocariri.com.br%2F2020%2F05%2Fmoidos-da-redacao-irmao-luizinho-lanca-pre-candidatura-a-vereador-em-monteiro-pelo-cidadania%2F\" target=\"_blank\" rel=\"noreferrer noopener\"><\/a><a href=\"https:\/\/twitter.com\/share?url=https%3A%2F%2Fwww.vitrinedocariri.com.br%2F2020%2F05%2Fmoidos-da-redacao-irmao-luizinho-lanca-pre-candidatura-a-vereador-em-monteiro-pelo-cidadania%2F&amp;text=Acabei%20de%20ver%20MO%C3%8DDOS%20DA%20REDA%C3%87%C3%83O%3A%20Irm%C3%A3o%20Luizinho%20lan%C3%A7a%20pr%C3%A9-candidatura%20%C3%A0%20vereador%20em%20Monteiro%20pelo%20Cidadania%20-%20Clique%20para%20ver%20tamb%C3%A9m%20%E2%98%9B%20\" target=\"_blank\" rel=\"noreferrer noopener\"><\/a><a href=\"\/\/send?text=MO%C3%8DDOS%20DA%20REDA%C3%87%C3%83O%3A%20Irm%C3%A3o%20Luizinho%20lan%C3%A7a%20pr%C3%A9-candidatura%20%C3%A0%20vereador%20em%20Monteiro%20pelo%20Cidadania%20%E2%98%9B%20https%3A%2F%2Fwww.vitrinedocariri.com.br%2F2020%2F05%2Fmoidos-da-redacao-irmao-luizinho-lanca-pre-candidatura-a-vereador-em-monteiro-pelo-cidadania%2F\" target=\"_blank\" rel=\"noreferrer noopener\"><\/a><a href=\"javascript:void(0);\"><\/a><\/p>\n\n\n\n<p>O l\u00edder comunit\u00e1rio Luiz Alexandre, conhecido popularmente como Irm\u00e3o Luizinho, lan\u00e7ou no \u00faltimo s\u00e1bado (02), sua pr\u00e9-candidatura \u00e0 vereador em Monteiro, pelo partido Cidadania.<\/p>\n\n\n\n<p>Luizinho \u00e9 m\u00fasico, cantor e compositor e decidiu colocar seu nome \u00e0 disposi\u00e7\u00e3o dos monteirenses, em especial aos moradores do Conjunto Mutir\u00e3o, para representar-los na C\u00e2mara de Monteiro, ao lado da Prefeita Anna Lorena.<\/p>\n\n\n\n<p>A Prefeita Anna Lorena afirmou que Luizinho \u00e9 um exemplo de separa\u00e7\u00e3o e \u00e9 um nome importante para representar o munic\u00edpio na C\u00e2mara.<\/p>\n\n\n\n<p><strong>VITRINE DO CARIRI&nbsp;<\/strong><\/p>\n","protected":false},"excerpt":{"rendered":"<p>O l\u00edder comunit\u00e1rio Luiz Alexandre, conhecido popularmente como Irm\u00e3o Luizinho, lan\u00e7ou no \u00faltimo s\u00e1bado (02), sua pr\u00e9-candidatura \u00e0 vereador em Monteiro, pelo partido Cidadania. Luizinho&hellip; <\/p>\n","protected":false},"author":2,"featured_media":167657,"comment_status":"closed","ping_status":"closed","sticky":false,"template":"","format":"standard","meta":{"sfsi_plus_gutenberg_text_before_share":"","sfsi_plus_gutenberg_show_text_before_share":"","sfsi_plus_gutenberg_icon_type":"","sfsi_plus_gutenberg_icon_alignemt":"","sfsi_plus_gutenburg_max_per_row":"","footnotes":""},"categories":[2],"tags":[],"class_list":["post-167656","post","type-post","status-publish","format-standard","has-post-thumbnail","hentry","category-geral"],"_links":{"self":[{"href":"https:\/\/www.caririemacao.com\/1\/wp-json\/wp\/v2\/posts\/167656","targetHints":{"allow":["GET"]}}],"collection":[{"href":"https:\/\/www.caririemacao.com\/1\/wp-json\/wp\/v2\/posts"}],"about":[{"href":"https:\/\/www.caririemacao.com\/1\/wp-json\/wp\/v2\/types\/post"}],"author":[{"embeddable":true,"href":"https:\/\/www.caririemacao.com\/1\/wp-json\/wp\/v2\/users\/2"}],"replies":[{"embeddable":true,"href":"https:\/\/www.caririemacao.com\/1\/wp-json\/wp\/v2\/comments?post=167656"}],"version-history":[{"count":1,"href":"https:\/\/www.caririemacao.com\/1\/wp-json\/wp\/v2\/posts\/167656\/revisions"}],"predecessor-version":[{"id":167658,"href":"https:\/\/www.caririemacao.com\/1\/wp-json\/wp\/v2\/posts\/167656\/revisions\/167658"}],"wp:featuredmedia":[{"embeddable":true,"href":"https:\/\/www.caririemacao.com\/1\/wp-json\/wp\/v2\/media\/167657"}],"wp:attachment":[{"href":"https:\/\/www.caririemacao.com\/1\/wp-json\/wp\/v2\/media?parent=167656"}],"wp:term":[{"taxonomy":"category","embeddable":true,"href":"https:\/\/www.caririemacao.com\/1\/wp-json\/wp\/v2\/categories?post=167656"},{"taxonomy":"post_tag","embeddable":true,"href":"https:\/\/www.caririemacao.com\/1\/wp-json\/wp\/v2\/tags?post=167656"}],"curies":[{"name":"wp","href":"https:\/\/api.w.org\/{rel}","templated":true}]}}