{"id":167661,"date":"2020-05-06T06:50:21","date_gmt":"2020-05-06T09:50:21","guid":{"rendered":"https:\/\/www.caririemacao.com\/1\/?p=167661"},"modified":"2020-05-06T06:50:21","modified_gmt":"2020-05-06T09:50:21","slug":"cec-educacional-lanca-kit-de-atividades-para-os-alunos-do-fundamental-i-ii-e-ensino-medio","status":"publish","type":"post","link":"https:\/\/www.caririemacao.com\/1\/2020\/05\/06\/cec-educacional-lanca-kit-de-atividades-para-os-alunos-do-fundamental-i-ii-e-ensino-medio\/","title":{"rendered":"CEC EDUCACIONAL lan\u00e7a KIT de atividades para os alunos do Fundamental I, II e ensino m\u00e9dio"},"content":{"rendered":"\n<h3 class=\"wp-block-heading\"><\/h3>\n\n\n\n<p> O CEC EDUCACIONAL, o maior educand\u00e1rio de todo o Cariri come\u00e7ou um planejamento emergencial remoto para que possa dar continuidade \u00e0s atividades pedag\u00f3gicas durante a pandemia do Coronav\u00edrus.<br>De acordo com o professor C\u00edcero Roberto, diretor do CEC, os alunos do Fundamental I, II e ensino m\u00e9dio v\u00e3o receber atividades atrav\u00e9s de um KIT elaborado pelos professores de cada s\u00e9rie para que o aluno possa fazer em casa, al\u00e9m das aulas complementares que v\u00e3o acontecer online.<br>Ent\u00e3o, toda segunda-feira pela manh\u00e3 o material ser\u00e1 liberado na escola para que os pais ou respons\u00e1veis possam buscar junto a coordena\u00e7\u00e3o do CEC Educacional de cada s\u00e9rie.<br>Para mais informa\u00e7\u00f5es de como v\u00e3o ser as entregas do material ou qualquer outra d\u00favida entrar em contato com a coordena\u00e7\u00e3o atrav\u00e9s dos n\u00fameros 83 3351-3006 ou 99675-041.<br>\u201cN\u00f3s estamos a disposi\u00e7\u00e3o para orientar no que for preciso\u201d, lembrou o professor C\u00edcero Roberto, diretor da escola.<br>F\u00c1BIO BRITO<\/p>\n","protected":false},"excerpt":{"rendered":"<p>O CEC EDUCACIONAL, o maior educand\u00e1rio de todo o Cariri come\u00e7ou um planejamento emergencial remoto para que possa dar continuidade \u00e0s atividades pedag\u00f3gicas durante a&hellip; <\/p>\n","protected":false},"author":2,"featured_media":167662,"comment_status":"closed","ping_status":"closed","sticky":false,"template":"","format":"standard","meta":{"sfsi_plus_gutenberg_text_before_share":"","sfsi_plus_gutenberg_show_text_before_share":"","sfsi_plus_gutenberg_icon_type":"","sfsi_plus_gutenberg_icon_alignemt":"","sfsi_plus_gutenburg_max_per_row":"","footnotes":""},"categories":[14],"tags":[],"class_list":["post-167661","post","type-post","status-publish","format-standard","has-post-thumbnail","hentry","category-educacao"],"_links":{"self":[{"href":"https:\/\/www.caririemacao.com\/1\/wp-json\/wp\/v2\/posts\/167661","targetHints":{"allow":["GET"]}}],"collection":[{"href":"https:\/\/www.caririemacao.com\/1\/wp-json\/wp\/v2\/posts"}],"about":[{"href":"https:\/\/www.caririemacao.com\/1\/wp-json\/wp\/v2\/types\/post"}],"author":[{"embeddable":true,"href":"https:\/\/www.caririemacao.com\/1\/wp-json\/wp\/v2\/users\/2"}],"replies":[{"embeddable":true,"href":"https:\/\/www.caririemacao.com\/1\/wp-json\/wp\/v2\/comments?post=167661"}],"version-history":[{"count":1,"href":"https:\/\/www.caririemacao.com\/1\/wp-json\/wp\/v2\/posts\/167661\/revisions"}],"predecessor-version":[{"id":167663,"href":"https:\/\/www.caririemacao.com\/1\/wp-json\/wp\/v2\/posts\/167661\/revisions\/167663"}],"wp:featuredmedia":[{"embeddable":true,"href":"https:\/\/www.caririemacao.com\/1\/wp-json\/wp\/v2\/media\/167662"}],"wp:attachment":[{"href":"https:\/\/www.caririemacao.com\/1\/wp-json\/wp\/v2\/media?parent=167661"}],"wp:term":[{"taxonomy":"category","embeddable":true,"href":"https:\/\/www.caririemacao.com\/1\/wp-json\/wp\/v2\/categories?post=167661"},{"taxonomy":"post_tag","embeddable":true,"href":"https:\/\/www.caririemacao.com\/1\/wp-json\/wp\/v2\/tags?post=167661"}],"curies":[{"name":"wp","href":"https:\/\/api.w.org\/{rel}","templated":true}]}}