{"id":167665,"date":"2020-05-06T06:53:34","date_gmt":"2020-05-06T09:53:34","guid":{"rendered":"https:\/\/www.caririemacao.com\/1\/?p=167665"},"modified":"2020-05-06T06:53:34","modified_gmt":"2020-05-06T09:53:34","slug":"delegado-seccional-de-policia-civil-de-monteiro-e-exonerado-e-celebra-resultados-alcancados-na-regiao","status":"publish","type":"post","link":"https:\/\/www.caririemacao.com\/1\/2020\/05\/06\/delegado-seccional-de-policia-civil-de-monteiro-e-exonerado-e-celebra-resultados-alcancados-na-regiao\/","title":{"rendered":"Delegado seccional de Pol\u00edcia Civil de Monteiro \u00e9 exonerado e celebra resultados alcan\u00e7ados na regi\u00e3o"},"content":{"rendered":"\n<h1 class=\"wp-block-heading\"><\/h1>\n\n\n\n<p>O delegado secional da Pol\u00edcia Civil de Monteiro, Dr Cristiano Santana, foi exonerado do cargo pelo governador Jo\u00e3o Azevedo, a exemplo do que fez com todos os seccionais da Pol\u00edcia Civil da Para\u00edba. O chefe do Executivo Estadual tamb\u00e9m fez altera\u00e7\u00f5es no comando da PM e de v\u00e1rios batalh\u00f5es pelo Estado.<\/p>\n\n\n\n<p>Dr. Cristiano Santana esteve a frente da Delegacia Regional de Monteiro por 1 ano e 4 meses e desenvolveu junto aos delegados da regi\u00e3o um trabalho muito operoso e com v\u00e1rios frutos no combate e repress\u00e3o ao crime, especialmente o de homic\u00eddio.<\/p>\n\n\n\n<p>O delegado comentou em entrevista a nossa reportagem que recebeu a delegacia regional com 49 homic\u00eddios em 2018 e ao t\u00e9rmino de seu trabalho obteve uma redu\u00e7\u00e3o anual de 64%, um dado hist\u00f3rico para o Cariri.<\/p>\n\n\n\n<p>\u201cNossa seccional teve a maior redu\u00e7\u00e3o de CVLI\u2019s de toda a hist\u00f3ria do Cariri e ficou em primeiro lugar entre as seccionais da Para\u00edba na redu\u00e7\u00e3o de CVLI. Realizamos ainda 16 opera\u00e7\u00f5es neste per\u00edodo e uma delas teve amplo destaque estadual, que foi a Opera\u00e7\u00e3o Conex\u00e3o\u201d, comemorou Dr. Cristiano Santana.<\/p>\n\n\n\n<p>O delegado agradeceu a qualidade e empenho na atua\u00e7\u00e3o dos delegados e os policiais civis que comp\u00f5e a 14\u00aa Seccional de Pol\u00edcia Civil de Monteiro e atribuiu a eles o sucesso do trabalho desenvolvido sob seu comando.<\/p>\n\n\n\n<p><strong>De Olho no Cariri<\/strong><\/p>\n","protected":false},"excerpt":{"rendered":"<p>O delegado secional da Pol\u00edcia Civil de Monteiro, Dr Cristiano Santana, foi exonerado do cargo pelo governador Jo\u00e3o Azevedo, a exemplo do que fez com&hellip; <\/p>\n","protected":false},"author":2,"featured_media":167666,"comment_status":"closed","ping_status":"closed","sticky":false,"template":"","format":"standard","meta":{"sfsi_plus_gutenberg_text_before_share":"","sfsi_plus_gutenberg_show_text_before_share":"","sfsi_plus_gutenberg_icon_type":"","sfsi_plus_gutenberg_icon_alignemt":"","sfsi_plus_gutenburg_max_per_row":"","footnotes":""},"categories":[2],"tags":[],"class_list":["post-167665","post","type-post","status-publish","format-standard","has-post-thumbnail","hentry","category-geral"],"_links":{"self":[{"href":"https:\/\/www.caririemacao.com\/1\/wp-json\/wp\/v2\/posts\/167665","targetHints":{"allow":["GET"]}}],"collection":[{"href":"https:\/\/www.caririemacao.com\/1\/wp-json\/wp\/v2\/posts"}],"about":[{"href":"https:\/\/www.caririemacao.com\/1\/wp-json\/wp\/v2\/types\/post"}],"author":[{"embeddable":true,"href":"https:\/\/www.caririemacao.com\/1\/wp-json\/wp\/v2\/users\/2"}],"replies":[{"embeddable":true,"href":"https:\/\/www.caririemacao.com\/1\/wp-json\/wp\/v2\/comments?post=167665"}],"version-history":[{"count":1,"href":"https:\/\/www.caririemacao.com\/1\/wp-json\/wp\/v2\/posts\/167665\/revisions"}],"predecessor-version":[{"id":167667,"href":"https:\/\/www.caririemacao.com\/1\/wp-json\/wp\/v2\/posts\/167665\/revisions\/167667"}],"wp:featuredmedia":[{"embeddable":true,"href":"https:\/\/www.caririemacao.com\/1\/wp-json\/wp\/v2\/media\/167666"}],"wp:attachment":[{"href":"https:\/\/www.caririemacao.com\/1\/wp-json\/wp\/v2\/media?parent=167665"}],"wp:term":[{"taxonomy":"category","embeddable":true,"href":"https:\/\/www.caririemacao.com\/1\/wp-json\/wp\/v2\/categories?post=167665"},{"taxonomy":"post_tag","embeddable":true,"href":"https:\/\/www.caririemacao.com\/1\/wp-json\/wp\/v2\/tags?post=167665"}],"curies":[{"name":"wp","href":"https:\/\/api.w.org\/{rel}","templated":true}]}}